{"id":19950,"date":"2025-06-03T23:39:40","date_gmt":"2025-06-03T21:39:40","guid":{"rendered":"https:\/\/concellodezas.org\/?p=19950"},"modified":"2025-12-22T16:47:12","modified_gmt":"2025-12-22T15:47:12","slug":"volven-os-campamentos-de-veran-cheos-de-actividades-para-a-rapazada","status":"publish","type":"post","link":"https:\/\/concellodezas.gal\/es\/volven-os-campamentos-de-veran-cheos-de-actividades-para-a-rapazada\/","title":{"rendered":"Volven os campamentos de ver\u00e1n cheos de actividades para a rapazada"},"content":{"rendered":"<p>Xa est\u00e1 aqu\u00ed o programa coas diferentes <b>actividades de ver\u00e1n para a rapazada<\/b> organizado polo Concello de Zas; unha proposta na que se mistura o ocio coa conciliaci\u00f3n familiar.<span class=\"Apple-converted-space\">\u00a0<\/span><\/p>\n<p>Ao igual que todos os anos, realizaremos os <b>campamentos de ver\u00e1n nas <a href=\"https:\/\/www.torresdoallo.gal\/\">Torres do Allo<\/a><\/b> con cinco quendas diferentes. Est\u00e1n dirixidos \u00e1 rapazada de entre 3 e 12 anos e ser\u00e1n de 10:00 a 14.00 horas cun custo de 15\u20ac por persoa; uns dos m\u00e1is econ\u00f3micos da zona. O Concello tam\u00e9n ofrece a posibilidade de madrugadores, de 08:45 a 10:00 horas, cun custe de 10\u20ac por persoa que se levar\u00e1 a cabo sempre e cando haxa un m\u00ednimo de usuarios\/as.<\/p>\n<p>Haber\u00e1 quendas do 23 de xu\u00f1o ao 4 de xullo; do 7 ao 22 de xullo; do 23 de xullo ao 6 de agosto; do 8 ao 22 de agosto e \u00faltima quenda do 25 de agosto ao 5 de setembro.<\/p>\n<p>Na oferta de actividades para o ver\u00e1n tam\u00e9n se incl\u00faen estas outras opci\u00f3ns:<\/p>\n<p><b>Campamento Multideportivo<\/b><\/p>\n<p>Celebrase do 30 de xu\u00f1o \u00f3 11 de xullo en d\u00faas quendas, unha no Polideportivo de Baio e outra no de Zas, en horario de 10:00 a 14:00 horas. Neste campamento a rapazada participar\u00e1 en diferentes xincanas deportivas e torneos, e practicar\u00e1n deportes como o atletismo, o tenis de mes, b\u00e1dminton,\u2026 entre outros.<span class=\"Apple-converted-space\">\u00a0<\/span><\/p>\n<p>Ten un custo de 15\u20ac por persoa e as inscrici\u00f3ns poden realizarase ata o 25 de xu\u00f1o. Est\u00e1 dirixido \u00e1 rapazada de 8 a 14 anos.<\/p>\n<p><b>Campamento Dixital<\/b><\/p>\n<p>Entre o 21 de xullo e o 4 de agosto realizaremos un campamento dixital na que os participantes adquirir\u00e1n co\u00f1ecementos en diferentes competencias dixitais (uso de palabras clave, creaci\u00f3n de contidos, riscos e seguridade na Internet,\u2026).<span class=\"Apple-converted-space\">\u00a0<\/span><\/p>\n<p>Esta \u00e9 unha actividade gratu\u00edta dirixia \u00e1 rapaza de 9 a 14 anos e ser\u00e1 de 10:00 a 13:00 horas.<\/p>\n<p><b>DeporCampus<\/b><\/p>\n<p>Ao igual que nos \u00faltimos anos, o noso concello ser\u00e1 de novo unha das sedes do DeporCampus. Esta edici\u00f3n celebrarase do 28 de xullo ao 1 de agosto no Campo Municipal Platas Reinoso de Baio e as inscrici\u00f3ns poden realizarse ata o 22 de xullo en <a href=\"http:\/\/deporcampus.rcdeportivo.es\/gl\/zas-2025\/inicio\">deporcampus.rcdeportivo.es\/gl\/zas-2025\/inicio<\/a><\/p>\n<p><b>M\u00e1is info e inscrici\u00f3ns<\/b><\/p>\n<p>A persoas interesadas en ampliar informaci\u00f3n sobre algunha das actividades ou anotarse poden facelo no Centro Sociocultural de Zas ou no de Baio ou ben a trav\u00e9s dos n\u00fameros de tel\u00e9fono 981 751 398 ou 981 718 056.<\/p>\n<p>O Alcalde, Manuel Mu\u00ed\u00f1o, destaca que este \u00e9 un ambicioso programa co que se pretende facilitar a conciliaci\u00f3n laboral e familiar da nosa veci\u00f1anza.<span class=\"Apple-converted-space\">\u00a0<\/span><\/p>\n","protected":false},"excerpt":{"rendered":"<p>O Concello de Zas v\u00e9n de dar a co\u00f1ecer o programa dos campamantos para as vacaci\u00f3ns estivais no que se mistura ocio e conciliaci\u00f3n familiar<\/p>\n","protected":false},"author":5,"featured_media":19953,"comment_status":"open","ping_status":"closed","sticky":false,"template":"","format":"standard","meta":{"slim_seo":{"title":"Volven os campamentos de ver\u00e1n cheos de actividades para a rapazada - Concello de Zas","description":"O Concello de Zas v\u00e9n de dar a co\u00f1ecer o programa dos campamantos para as vacaci\u00f3ns estivais no que se mistura ocio e conciliaci\u00f3n familiar"},"footnotes":""},"categories":[412],"tags":[],"class_list":["post-19950","post","type-post","status-publish","format-standard","has-post-thumbnail","hentry","category-servizos-sociais"],"_links":{"self":[{"href":"https:\/\/concellodezas.gal\/es\/wp-json\/wp\/v2\/posts\/19950","targetHints":{"allow":["GET"]}}],"collection":[{"href":"https:\/\/concellodezas.gal\/es\/wp-json\/wp\/v2\/posts"}],"about":[{"href":"https:\/\/concellodezas.gal\/es\/wp-json\/wp\/v2\/types\/post"}],"author":[{"embeddable":true,"href":"https:\/\/concellodezas.gal\/es\/wp-json\/wp\/v2\/users\/5"}],"replies":[{"embeddable":true,"href":"https:\/\/concellodezas.gal\/es\/wp-json\/wp\/v2\/comments?post=19950"}],"version-history":[{"count":1,"href":"https:\/\/concellodezas.gal\/es\/wp-json\/wp\/v2\/posts\/19950\/revisions"}],"predecessor-version":[{"id":28996,"href":"https:\/\/concellodezas.gal\/es\/wp-json\/wp\/v2\/posts\/19950\/revisions\/28996"}],"wp:featuredmedia":[{"embeddable":true,"href":"https:\/\/concellodezas.gal\/es\/wp-json\/wp\/v2\/media\/19953"}],"wp:attachment":[{"href":"https:\/\/concellodezas.gal\/es\/wp-json\/wp\/v2\/media?parent=19950"}],"wp:term":[{"taxonomy":"category","embeddable":true,"href":"https:\/\/concellodezas.gal\/es\/wp-json\/wp\/v2\/categories?post=19950"},{"taxonomy":"post_tag","embeddable":true,"href":"https:\/\/concellodezas.gal\/es\/wp-json\/wp\/v2\/tags?post=19950"}],"curies":[{"name":"wp","href":"https:\/\/api.w.org\/{rel}","templated":true}]}}