{"id":19925,"date":"2025-05-22T23:18:48","date_gmt":"2025-05-22T21:18:48","guid":{"rendered":"https:\/\/concellodezas.org\/?p=19925"},"modified":"2025-12-22T16:47:12","modified_gmt":"2025-12-22T15:47:12","slug":"un-concurso-local-e-unha-exhibicion-de-cans-profesionais-as-principais-citas-da-ii-xornada-canina-concello-de-zas-que-se-celebra-este-domingo-en-baio","status":"publish","type":"post","link":"https:\/\/concellodezas.gal\/es\/un-concurso-local-e-unha-exhibicion-de-cans-profesionais-as-principais-citas-da-ii-xornada-canina-concello-de-zas-que-se-celebra-este-domingo-en-baio\/","title":{"rendered":"Un concurso local e unha exhibici\u00f3n de cans profesionais, as principais citas da II Xornada Canina Concello de Zas que se celebra este domingo en Baio"},"content":{"rendered":"<p>Este domingo, 25 de maio, a partir das 10:00 horas celebramos na Praza Jorge Mira P\u00e9rez a<b> II Xornada Canina Concello de Zas<\/b>.<\/p>\n<p>O evento &#8211; organizado polo Concello de Zas xunto coa Asociaci\u00f3n de Centro Legales de Cr\u00eda y Cuidado Responsable e o Centro Veterinario Cenvet &#8211; comeza a partir das 10:00 horas cunha exposici\u00f3n de criadores profesionais que puntuar\u00e1 para o campionato galego Ascelcre\/Expogal.<\/p>\n<p>Ao redor das 11:30 horas comezar\u00e1 o concurso local canino aberto a toda a veci\u00f1anza que desexe participar co seu can co \u00fanico requisito que te\u00f1a identificaci\u00f3n a traves do microchip. Entre todos os participantes haber\u00e1 un sorteo de agasallos e premios especiais para o can m\u00e1is guapo e para o m\u00e1is simp\u00e1tico. Para participar \u00e9 necesario anotarse previamente no Centro Sociocultural de Baio, no n\u00famero de tel\u00e9fono 981 718 056 ou a trav\u00e9s do formulario <a href=\"https:\/\/bit.ly\/concursocanino25\">https:\/\/bit.ly\/concursocanino25<\/a> . E tam\u00e9n \u00e9 posible anotarse o propio d\u00eda do evento antes do inicio do concurso.<span class=\"Apple-converted-space\">\u00a0 <\/span>A inscrici\u00f3n \u00e9 de balde.<\/p>\n<p>Unha vez rematado o concurso local, haber\u00e1 unha exhibici\u00f3n canina que realizar\u00e1n os criadores profesionais con destacados exemplares. O evento remata ao redor das 13:30 horas coa entrega de premios.<span class=\"Apple-converted-space\">\u00a0<\/span><\/p>\n","protected":false},"excerpt":{"rendered":"<p>Ser\u00e1 a partir das 10:00 horas na Praza Jorge Mira P\u00e9rez<\/p>\n","protected":false},"author":5,"featured_media":19908,"comment_status":"open","ping_status":"closed","sticky":false,"template":"","format":"standard","meta":{"slim_seo":{"title":"Un concurso local e unha exhibici\u00f3n de cans profesionais, as principais citas da II Xornada Canina Concello de Zas que se celebra este domingo en Baio - Concello de Zas","description":"Ser\u00e1 a partir das 10:00 horas na Praza Jorge Mira P\u00e9rez"},"footnotes":""},"categories":[413],"tags":[],"class_list":["post-19925","post","type-post","status-publish","format-standard","has-post-thumbnail","hentry","category-cultura-e-deportes"],"_links":{"self":[{"href":"https:\/\/concellodezas.gal\/es\/wp-json\/wp\/v2\/posts\/19925","targetHints":{"allow":["GET"]}}],"collection":[{"href":"https:\/\/concellodezas.gal\/es\/wp-json\/wp\/v2\/posts"}],"about":[{"href":"https:\/\/concellodezas.gal\/es\/wp-json\/wp\/v2\/types\/post"}],"author":[{"embeddable":true,"href":"https:\/\/concellodezas.gal\/es\/wp-json\/wp\/v2\/users\/5"}],"replies":[{"embeddable":true,"href":"https:\/\/concellodezas.gal\/es\/wp-json\/wp\/v2\/comments?post=19925"}],"version-history":[{"count":1,"href":"https:\/\/concellodezas.gal\/es\/wp-json\/wp\/v2\/posts\/19925\/revisions"}],"predecessor-version":[{"id":29000,"href":"https:\/\/concellodezas.gal\/es\/wp-json\/wp\/v2\/posts\/19925\/revisions\/29000"}],"wp:featuredmedia":[{"embeddable":true,"href":"https:\/\/concellodezas.gal\/es\/wp-json\/wp\/v2\/media\/19908"}],"wp:attachment":[{"href":"https:\/\/concellodezas.gal\/es\/wp-json\/wp\/v2\/media?parent=19925"}],"wp:term":[{"taxonomy":"category","embeddable":true,"href":"https:\/\/concellodezas.gal\/es\/wp-json\/wp\/v2\/categories?post=19925"},{"taxonomy":"post_tag","embeddable":true,"href":"https:\/\/concellodezas.gal\/es\/wp-json\/wp\/v2\/tags?post=19925"}],"curies":[{"name":"wp","href":"https:\/\/api.w.org\/{rel}","templated":true}]}}