{"id":19869,"date":"2025-05-11T00:00:51","date_gmt":"2025-05-10T22:00:51","guid":{"rendered":"https:\/\/concellodezas.org\/?p=19869"},"modified":"2025-12-22T16:47:12","modified_gmt":"2025-12-22T15:47:12","slug":"arranca-un-completo-maio-mes-das-letras-cunha-ampla-oferta-cultural-ata-finais-de-mes","status":"publish","type":"post","link":"https:\/\/concellodezas.gal\/es\/arranca-un-completo-maio-mes-das-letras-cunha-ampla-oferta-cultural-ata-finais-de-mes\/","title":{"rendered":"Arranca un completo \u201cMaio, mes das letras\u201d cunha ampla oferta cultural ata finais de mes"},"content":{"rendered":"<p>Un ano m\u00e1is, o Concello de Zas pon en marcha o <b>programa cultural \u201cMaio, mes das Letras\u201d <\/b>no que est\u00e1n inclu\u00eddas propostas para todos os p\u00fablicos, especialmente para a rapazada, que se desenvolver\u00e1n ata finais de mes.<\/p>\n<p>A programaci\u00f3n arranca esta fin de semana coas diferentes presentaci\u00f3ns literarias e outras actividades que se realizar\u00e1n durante hoxe e ma\u00f1\u00e1 na Praza Jorge Mira, de Baio, coincidindo coas campa\u00f1a comercial <b>\u201cBaio ten as Letras\u201d<\/b>.<span class=\"Apple-converted-space\">\u00a0<\/span><\/p>\n<p><b>Animaci\u00f3n \u00e1 lectura<\/b><\/p>\n<p>Os <b>rati\u00f1os de Lonxedetodo<\/b> volven este mes \u00e1s nosas bibliotecas municipais para contarnos historias moi divertidas e coas que animamos aos m\u00e1is pequenos a adentrarse no mundo da lectura. Nesta ocasi\u00f3n traennos o seu espect\u00e1culo \u201cContos para andar o cami\u00f1o\u201d. Estas son as funci\u00f3ns:<\/p>\n<ul>\n<li>Axencia de Lectura de Baio: Luns, 12 de maio, \u00e1s 18:00 horas.<\/li>\n<li>Biblioteca Municipal de Zas: Martes, 13 de maio, \u00e1s 18:00 horas.<\/li>\n<\/ul>\n<p><b>M\u00fasica<\/b><\/p>\n<p>O m\u00e9rcores, 14 de maio, levamos a m\u00fasica aos centros de ensino da man de Paco Nogueiras que nos ofrecer\u00e1 o seu espect\u00e1culo <b>\u201cBrinca Vai!\u201d<\/b>.<\/p>\n<ul>\n<li>CPI de Zas: 10:00 horas.<\/li>\n<li>CEIP Labarta Pose: 12:45 horas<\/li>\n<\/ul>\n<p>Uns d\u00edas despois, o venres 16 de maio, <b>\u201cGarcia MC\u201d<\/b> ofreceranos un concerto dirixido ao alumnado da ESO e BACH. Ser\u00e1 as 12:45 horas no IES Maximino Romero Lema.<\/p>\n<p><b>Teatro<\/b><\/p>\n<p>Durante todo o mes de maio continuar\u00e1 a <b>VIII Mostra de Teatro Afeccionado Labarta Pose<\/b> con funci\u00f3ns todos os s\u00e1bados \u00e1 noite. O 31 de maio realizaremos no Auditorio de Baio, as 18:00 horas, a entrega de premios deste certame nun acto no que tam\u00e9n actuar\u00e1n os membros da Escola de Teatro de Adultos do Concello de Zas.<span class=\"Apple-converted-space\">\u00a0<\/span><\/p>\n<p><b>Danza<\/b><\/p>\n<p>O proxecto Escora chega ao noso Concello o d\u00eda 30 de maio con diversas actuaci\u00f3ns encami\u00f1adas a achegar a danza a todos os p\u00fablicos.<\/p>\n<ul>\n<li>12:45 horas: Obradoiro D\u2019Elas no IES Maximino Romero Lema.<\/li>\n<li>14:00 horas: Obradoiro D\u2019Elas no CPI de Zas.<\/li>\n<li>18:30 horas: Roteiro polo r\u00edo ata a Carballeira de Baio.<\/li>\n<li>20:00 horas: Espect\u00e1culo \u201cVelaiquich amoorch\u201d de D\u2019Elas na Carballeira de Baio.<\/li>\n<\/ul>\n<p><b>Homenaxe \u00e1s cantareiras<\/b><\/p>\n<p>O s\u00e1bado 24 de maio, rendir\u00e9moslle unha merecida homenaxe \u00e1s nosas cantareiras coa actuaci\u00f3n dos grupos de baile e m\u00fasica tradicional da Asociaci\u00f3n Chur\u00eda. Ser\u00e1 \u00e1s 18:00 horas no Auditorio de Zas.<\/p>\n<p><b>XVI Concurso de Marcap\u00e1xinas<\/b><\/p>\n<p>Unha das actividades estrelas do programa \u201cMaio, mes das Letras\u201d \u00e9 o concuso de marcap\u00e1xinas que xa vai pola s\u00faa 16\u00aa edici\u00f3n. Este ano, as Letras Galegas est\u00e1n adicadas \u00e1 Poes\u00eda Popular Oral; personificada en Adolfina e Rosa Cas\u00e1s Rama, de Cerceda; Eva Casti\u00f1eira Santos, de Mux\u00eda; e Manuela Lema, Teresa Garc\u00eda Prieto e Prudencia e Asunci\u00f3n Garrido Ameixenda, integrantes estas catro das Pandeireteiras de Mens (Malpica). Este ser\u00e1 o tema central deste certame dirixido ao alumnado dos diferentes centros de ensino do noso municipio. Estas son as categor\u00edas:<\/p>\n<ul>\n<li>Categor\u00eda A: Alumnado Educaci\u00f3n Infantil<\/li>\n<li>Categor\u00eda B: de 1\u00ba a 3\u00ba de Educaci\u00f3n Primaria<\/li>\n<li>Categor\u00eda C: de 4\u00ba a 6\u00ba ee Educaci\u00f3n Primaria<\/li>\n<\/ul>\n<p>Outorgaranse dous premios por categor\u00eda dotados cun lote de libros cada un. Terase en conta a calidade dos dese\u00f1os, a imaxinaci\u00f3n e a orixinalidade. Os traballos poden entregarse en calquera dos nosos Centros Socioculturais ata o 16 de maio de 2025.<\/p>\n<p>Todos os marcap\u00e1xinas premiados utilizaranse na Biblioteca Municipal de Zas e na Axencia de Lectura de Baio acompa\u00f1ando a cada libro que se preste ata o D\u00eda das Letras Galegas do ano 2026. As bases completas poden consultarse ao final desta nova.<span class=\"Apple-converted-space\">\u00a0<\/span><\/p>\n","protected":false},"excerpt":{"rendered":"<p>Presentaci\u00f3n de libros, m\u00fasica, teatro, danza, contacontos son algunhas das actividades inclu\u00eddas neste programa xunto co XVI Concurso de Marcap\u00e1xinas<\/p>\n","protected":false},"author":5,"featured_media":19872,"comment_status":"open","ping_status":"closed","sticky":false,"template":"","format":"standard","meta":{"slim_seo":{"title":"Arranca un completo \u201cMaio, mes das letras\u201d cunha ampla oferta cultural ata finais de mes - Concello de Zas","description":"Presentaci\u00f3n de libros, m\u00fasica, teatro, danza, contacontos son algunhas das actividades inclu\u00eddas neste programa xunto co XVI Concurso de Marcap\u00e1xinas"},"footnotes":""},"categories":[413],"tags":[],"class_list":["post-19869","post","type-post","status-publish","format-standard","has-post-thumbnail","hentry","category-cultura-e-deportes"],"_links":{"self":[{"href":"https:\/\/concellodezas.gal\/es\/wp-json\/wp\/v2\/posts\/19869","targetHints":{"allow":["GET"]}}],"collection":[{"href":"https:\/\/concellodezas.gal\/es\/wp-json\/wp\/v2\/posts"}],"about":[{"href":"https:\/\/concellodezas.gal\/es\/wp-json\/wp\/v2\/types\/post"}],"author":[{"embeddable":true,"href":"https:\/\/concellodezas.gal\/es\/wp-json\/wp\/v2\/users\/5"}],"replies":[{"embeddable":true,"href":"https:\/\/concellodezas.gal\/es\/wp-json\/wp\/v2\/comments?post=19869"}],"version-history":[{"count":1,"href":"https:\/\/concellodezas.gal\/es\/wp-json\/wp\/v2\/posts\/19869\/revisions"}],"predecessor-version":[{"id":29006,"href":"https:\/\/concellodezas.gal\/es\/wp-json\/wp\/v2\/posts\/19869\/revisions\/29006"}],"wp:featuredmedia":[{"embeddable":true,"href":"https:\/\/concellodezas.gal\/es\/wp-json\/wp\/v2\/media\/19872"}],"wp:attachment":[{"href":"https:\/\/concellodezas.gal\/es\/wp-json\/wp\/v2\/media?parent=19869"}],"wp:term":[{"taxonomy":"category","embeddable":true,"href":"https:\/\/concellodezas.gal\/es\/wp-json\/wp\/v2\/categories?post=19869"},{"taxonomy":"post_tag","embeddable":true,"href":"https:\/\/concellodezas.gal\/es\/wp-json\/wp\/v2\/tags?post=19869"}],"curies":[{"name":"wp","href":"https:\/\/api.w.org\/{rel}","templated":true}]}}