{"id":19860,"date":"2025-05-10T07:12:43","date_gmt":"2025-05-10T05:12:43","guid":{"rendered":"https:\/\/concellodezas.org\/?p=19860"},"modified":"2025-12-22T16:47:12","modified_gmt":"2025-12-22T15:47:12","slug":"alumnado-de-todo-o-concello-de-zas-participara-no-acto-no-dia-en-que-se-cumplen-os-100-anos-da-morte-de-enrique-labarta-pose","status":"publish","type":"post","link":"https:\/\/concellodezas.gal\/es\/alumnado-de-todo-o-concello-de-zas-participara-no-acto-no-dia-en-que-se-cumplen-os-100-anos-da-morte-de-enrique-labarta-pose\/","title":{"rendered":"Alumnado de todo o Concello de Zas participar\u00e1 no acto no d\u00eda en que se cumplen os 100 anos da morte de Enrique Labarta Pose"},"content":{"rendered":"<p>O 13 de maio de 1925, <a href=\"https:\/\/enriquelabartapose.concellodezas.org\/\"><strong>Enrique Labarta Pose<\/strong><\/a> falec\u00eda no Hospital Cl\u00ednico de Barcelona a causa das feridas sufridas d\u00edas antes no descarrilamento do ferrocarril de Las Planas. A pesar dunha operaci\u00f3n e unha leve mellor\u00eda, non chegou a cumprir os 62 anos.<\/p>\n<p>Ante esta data tan simb\u00f3lica, o Concello de Zas quere renderlle homanxe a Enrique Labarta Pose cun acto no que uns dos protagonistas ser\u00e1n o alumnado do CPI de Zas, do CEIP Labarta Pose e do IES Maximino Romera Lema.<\/p>\n<p>O <b>acto de conmemoraci\u00f3n do centenario da morte de Enrique Labarta Pose <\/b>ter\u00e1 lugar o vindeiro martes, 13 de maio, a partir das 11:00 hora na Praza Jorge Mira. Durante a xornada descubrirase un monumento conmemorativo, realizarase un acto simb\u00f3lico do enterramento de Labarta xunto cunha ofrenda floral e lerase o seu poema \u201cQue me enterren al\u00f3\u201d.<\/p>\n<p>Tam\u00e9n est\u00e1 confirmada a asistencia de membros da Comisi\u00f3n Labarta Pose, que engloba \u00e1s asociaci\u00f3ns do Concello e distintas personalidades da Costa da Morte; Jorge Mira P\u00e9rez; Xos\u00e9 Mar\u00eda Lema; Xos\u00e9 Mar\u00eda Rei; Xos\u00e9 Ameixeiras e Ricardo Garc\u00eda Mira. Tam\u00e9n est\u00e1 previsto que asistan a este acto Rosario \u00c1lvarez, Presidenta do Consello da Cultura Galega; Concha Losada, Presidenta do Museo do Pobo Galego; Manolo Gonz\u00e1lez, membro numerario da Real Academia Galega; e Mar\u00eda Dolores S\u00e1nchez Palomino, membro da Comisi\u00f3n Executiva da RAG.<span class=\"Apple-converted-space\">\u00a0<\/span><\/p>\n<p>Este \u00e9 o acto central deste ano e que est\u00e1 inclu\u00eddo na <a href=\"https:\/\/concellodezas.gal\/o-concello-de-zas-conmemora-o-centenario-da-morte-de-enrique-labarta-pose-cunha-programacion-especial-para-reivindicar-a-sua-figura\/#:~:text=Marketing%20Marketing-,O%20Concello%20de%20Zas%20conmemora%20o%20centenario%20da%20morte%20de,para%20reivindicar%20a%20s%C3%BAa%20figura\"><strong>programaci\u00f3n das actividades sobre a figura de Enrique Labarta Pose<\/strong><\/a> organizado polo Concello de Zas co que se pretende, por unha parte, darlle difusi\u00f3n \u00e1 vida e obra do autor e, por outra, conseguir que Labarta te\u00f1a o seu propio d\u00eda das Letras Galegas. Unha decisi\u00f3n que tomar\u00e1 a Real Academia Galega proximamente.<\/p>\n","protected":false},"excerpt":{"rendered":"<p>Ser\u00e1 o vindeiro martes, 13 de maio, a partir das 11:00 horas na Praza Jorge Mira P\u00e9rez<\/p>\n","protected":false},"author":5,"featured_media":19861,"comment_status":"open","ping_status":"closed","sticky":false,"template":"","format":"standard","meta":{"slim_seo":{"title":"Alumnado de todo o Concello de Zas participar\u00e1 no acto no d\u00eda en que se cumplen os 100 anos da morte de Enrique Labarta Pose - Concello de Zas","description":"Ser\u00e1 o vindeiro martes, 13 de maio, a partir das 11:00 horas na Praza Jorge Mira P\u00e9rez"},"footnotes":""},"categories":[413],"tags":[],"class_list":["post-19860","post","type-post","status-publish","format-standard","has-post-thumbnail","hentry","category-cultura-e-deportes"],"_links":{"self":[{"href":"https:\/\/concellodezas.gal\/es\/wp-json\/wp\/v2\/posts\/19860","targetHints":{"allow":["GET"]}}],"collection":[{"href":"https:\/\/concellodezas.gal\/es\/wp-json\/wp\/v2\/posts"}],"about":[{"href":"https:\/\/concellodezas.gal\/es\/wp-json\/wp\/v2\/types\/post"}],"author":[{"embeddable":true,"href":"https:\/\/concellodezas.gal\/es\/wp-json\/wp\/v2\/users\/5"}],"replies":[{"embeddable":true,"href":"https:\/\/concellodezas.gal\/es\/wp-json\/wp\/v2\/comments?post=19860"}],"version-history":[{"count":1,"href":"https:\/\/concellodezas.gal\/es\/wp-json\/wp\/v2\/posts\/19860\/revisions"}],"predecessor-version":[{"id":29007,"href":"https:\/\/concellodezas.gal\/es\/wp-json\/wp\/v2\/posts\/19860\/revisions\/29007"}],"wp:featuredmedia":[{"embeddable":true,"href":"https:\/\/concellodezas.gal\/es\/wp-json\/wp\/v2\/media\/19861"}],"wp:attachment":[{"href":"https:\/\/concellodezas.gal\/es\/wp-json\/wp\/v2\/media?parent=19860"}],"wp:term":[{"taxonomy":"category","embeddable":true,"href":"https:\/\/concellodezas.gal\/es\/wp-json\/wp\/v2\/categories?post=19860"},{"taxonomy":"post_tag","embeddable":true,"href":"https:\/\/concellodezas.gal\/es\/wp-json\/wp\/v2\/tags?post=19860"}],"curies":[{"name":"wp","href":"https:\/\/api.w.org\/{rel}","templated":true}]}}