{"id":19836,"date":"2025-05-06T22:50:35","date_gmt":"2025-05-06T20:50:35","guid":{"rendered":"https:\/\/concellodezas.org\/?p=19836"},"modified":"2025-12-22T16:47:13","modified_gmt":"2025-12-22T15:47:13","slug":"o-concello-de-zas-ven-de-poner-en-funcionamento-a-oficina-clve","status":"publish","type":"post","link":"https:\/\/concellodezas.gal\/es\/o-concello-de-zas-ven-de-poner-en-funcionamento-a-oficina-clve\/","title":{"rendered":"O Concello de Zas v\u00e9n de po\u00f1er en funcionamento a oficina CL@VE"},"content":{"rendered":"<p>O Concello de Zas v\u00e9n de po\u00f1er en funcionamento a <b>oficina de rexitro CL@VE<\/b>; un sistema que permite identificarse electronicamente nas relaci\u00f3ns coas administraci\u00f3ns p\u00fablicas.<\/p>\n<p>Este novo servizo permite a todas aquelas persoas que o necesiten rexistrar na plataforma CL@VE na propia Casa do Concello, sen necesidade de ter que desprazarse a outros organismos. Ademais poderanse realizar aqu\u00ed diferentes tr\u00e1mites administrativos.<\/p>\n<p>As persoas que queiran rexistrarse a trav\u00e9s deste sistema para obter a CL@AVE permanente deber\u00e1n presentar o DNI, ou o NIE no caso de que sexan extranxeiros. Este tr\u00e1mite poder\u00e1 realizarse na oficinas xerais situadas na Casa do Concello de Zas ou na oficina da T\u00e9cnica Local de Emprego, situada no 1\u00ba andar.<\/p>\n<p><a href=\"https:\/\/clave.gob.es\/clave\">Nesta ligaz\u00f3n<\/a> podes ampliar informaci\u00f3n sobre a CL@VE e as s\u00faas utilidades.<span class=\"Apple-converted-space\">\u00a0<\/span><\/p>\n","protected":false},"excerpt":{"rendered":"<p>O Concello de Zas v\u00e9n de po\u00f1er en funcionamento a oficina de rexitro CL@VE; un sistema que permite identificarse electronicamente nas relaci\u00f3ns coas administraci\u00f3ns p\u00fablicas. Este novo servizo permite a todas aquelas persoas que o necesiten rexistrar na plataforma CL@VE na propia Casa do Concello, sen necesidade de ter que desprazarse a outros organismos. Ademais [&hellip;]<\/p>\n","protected":false},"author":5,"featured_media":19839,"comment_status":"open","ping_status":"closed","sticky":false,"template":"","format":"standard","meta":{"slim_seo":{"title":"O Concello de Zas v\u00e9n de po\u00f1er en funcionamento a oficina CL@VE - Concello de Zas","description":"O Concello de Zas v\u00e9n de po\u00f1er en funcionamento a oficina de rexitro CL@VE ; un sistema que permite identificarse electronicamente nas relaci\u00f3ns coas administra"},"footnotes":""},"categories":[412],"tags":[],"class_list":["post-19836","post","type-post","status-publish","format-standard","has-post-thumbnail","hentry","category-servizos-sociais"],"_links":{"self":[{"href":"https:\/\/concellodezas.gal\/es\/wp-json\/wp\/v2\/posts\/19836","targetHints":{"allow":["GET"]}}],"collection":[{"href":"https:\/\/concellodezas.gal\/es\/wp-json\/wp\/v2\/posts"}],"about":[{"href":"https:\/\/concellodezas.gal\/es\/wp-json\/wp\/v2\/types\/post"}],"author":[{"embeddable":true,"href":"https:\/\/concellodezas.gal\/es\/wp-json\/wp\/v2\/users\/5"}],"replies":[{"embeddable":true,"href":"https:\/\/concellodezas.gal\/es\/wp-json\/wp\/v2\/comments?post=19836"}],"version-history":[{"count":1,"href":"https:\/\/concellodezas.gal\/es\/wp-json\/wp\/v2\/posts\/19836\/revisions"}],"predecessor-version":[{"id":29009,"href":"https:\/\/concellodezas.gal\/es\/wp-json\/wp\/v2\/posts\/19836\/revisions\/29009"}],"wp:featuredmedia":[{"embeddable":true,"href":"https:\/\/concellodezas.gal\/es\/wp-json\/wp\/v2\/media\/19839"}],"wp:attachment":[{"href":"https:\/\/concellodezas.gal\/es\/wp-json\/wp\/v2\/media?parent=19836"}],"wp:term":[{"taxonomy":"category","embeddable":true,"href":"https:\/\/concellodezas.gal\/es\/wp-json\/wp\/v2\/categories?post=19836"},{"taxonomy":"post_tag","embeddable":true,"href":"https:\/\/concellodezas.gal\/es\/wp-json\/wp\/v2\/tags?post=19836"}],"curies":[{"name":"wp","href":"https:\/\/api.w.org\/{rel}","templated":true}]}}