{"id":19803,"date":"2025-05-02T07:46:25","date_gmt":"2025-05-02T05:46:25","guid":{"rendered":"https:\/\/concellodezas.org\/?p=19803"},"modified":"2025-12-22T16:47:13","modified_gmt":"2025-12-22T15:47:13","slug":"o-centro-de-baio-xa-leva-o-nome-de-dr-manuel-perez-marono","status":"publish","type":"post","link":"https:\/\/concellodezas.gal\/es\/o-centro-de-baio-xa-leva-o-nome-de-dr-manuel-perez-marono\/","title":{"rendered":"O Centro de Baio xa leva o nome de \u201cDr. Manuel P\u00e9rez Maro\u00f1o\u201d"},"content":{"rendered":"\n<p><strong>Centro de Sa\u00fade Dr. Manuel P\u00e9rez Maro\u00f1o<\/strong>. Este \u00e9 o novo nome do consistorio de Baio co que o Concello de Zas e a veci\u00f1anza queren renderlle homenaxe a don Manolo, o m\u00e9dico de familia da vila que exerceu a profesi\u00f3n durante m\u00e1is de 40 anos cando as condici\u00f3ns e os medios eran escasos.<\/p>\n\n\n\n<figure class=\"wp-block-image\"><img fetchpriority=\"high\" decoding=\"async\" width=\"1024\" height=\"683\" src=\"https:\/\/concellodezas.gal\/wp-content\/uploads\/2025\/05\/bautizo-centro-saude-baio4-1024x683.png\" alt=\"\" class=\"wp-image-19808\" srcset=\"https:\/\/concellodezas.gal\/wp-content\/uploads\/2025\/05\/bautizo-centro-saude-baio4-1024x683.png 1024w, https:\/\/concellodezas.gal\/wp-content\/uploads\/2025\/05\/bautizo-centro-saude-baio4-300x200.png 300w, https:\/\/concellodezas.gal\/wp-content\/uploads\/2025\/05\/bautizo-centro-saude-baio4-768x512.png 768w, https:\/\/concellodezas.gal\/wp-content\/uploads\/2025\/05\/bautizo-centro-saude-baio4-1536x1024.png 1536w, https:\/\/concellodezas.gal\/wp-content\/uploads\/2025\/05\/bautizo-centro-saude-baio4-1080x720.png 1080w, https:\/\/concellodezas.gal\/wp-content\/uploads\/2025\/05\/bautizo-centro-saude-baio4-1280x853.png 1280w, https:\/\/concellodezas.gal\/wp-content\/uploads\/2025\/05\/bautizo-centro-saude-baio4-980x653.png 980w, https:\/\/concellodezas.gal\/wp-content\/uploads\/2025\/05\/bautizo-centro-saude-baio4-480x320.png 480w, https:\/\/concellodezas.gal\/wp-content\/uploads\/2025\/05\/bautizo-centro-saude-baio4.png 1662w\" sizes=\"(max-width: 1024px) 100vw, 1024px\" \/><\/figure>\n\n\n\n<p><\/p>\n\n\n\n<p>Foi un acto cheo de emotividade e con moita carga simb\u00f3lica. \u201cHoxe hai 20 anos que nos deixou\u201d, sinalou o seu fillo <strong>Braulio P\u00e9rez Astray<\/strong> e autor do libro \u201cM\u00e9dicos e medicina rural na Costa da Morte. A figura do doutor Manuel P\u00e9rez Maro\u00f1o\u201d. Definiuno como un \u201ctraballador incansable\u201d e deulles grazas a todos os veci\u00f1os e a toda Corporaci\u00f3n Municipal do Concello de Zas por facer que \u201ceste centro de sa\u00fade, polo que tanto loitou, leve o seu nome\u201d.<span class=\"Apple-converted-space\">&nbsp;<\/span><\/p>\n\n\n\n<p>Foron precisamente os tres grupos que forman a Corporaci\u00f3n Municipal de Zas os que sacaron adiante esta iniciativa nunha moci\u00f3n conxunta aprobada no Pleno Ordinario do pasado 28 de marzo. E entre o p\u00fablico asistente ao acto, no que hab\u00eda unhas 100 persoas, atop\u00e1base tam\u00e9n unha boa parte dos representantes municipais xunto con familiares de Maro\u00f1o e veci\u00f1anza.<\/p>\n\n\n\n<figure class=\"wp-block-image\"><img decoding=\"async\" width=\"1024\" height=\"686\" src=\"https:\/\/concellodezas.gal\/wp-content\/uploads\/2025\/05\/bautizo-centro-saude-baio2-1024x686.png\" alt=\"\" class=\"wp-image-19811\" srcset=\"https:\/\/concellodezas.gal\/wp-content\/uploads\/2025\/05\/bautizo-centro-saude-baio2-1024x686.png 1024w, https:\/\/concellodezas.gal\/wp-content\/uploads\/2025\/05\/bautizo-centro-saude-baio2-300x201.png 300w, https:\/\/concellodezas.gal\/wp-content\/uploads\/2025\/05\/bautizo-centro-saude-baio2-768x514.png 768w, https:\/\/concellodezas.gal\/wp-content\/uploads\/2025\/05\/bautizo-centro-saude-baio2-1536x1028.png 1536w, https:\/\/concellodezas.gal\/wp-content\/uploads\/2025\/05\/bautizo-centro-saude-baio2-1080x723.png 1080w, https:\/\/concellodezas.gal\/wp-content\/uploads\/2025\/05\/bautizo-centro-saude-baio2-1280x857.png 1280w, https:\/\/concellodezas.gal\/wp-content\/uploads\/2025\/05\/bautizo-centro-saude-baio2-980x656.png 980w, https:\/\/concellodezas.gal\/wp-content\/uploads\/2025\/05\/bautizo-centro-saude-baio2-480x321.png 480w, https:\/\/concellodezas.gal\/wp-content\/uploads\/2025\/05\/bautizo-centro-saude-baio2.png 1664w\" sizes=\"(max-width: 1024px) 100vw, 1024px\" \/><\/figure>\n\n\n\n<p><\/p>\n\n\n\n<p>\u201cSe hoxe estamos aqu\u00ed rend\u00e9ndolle homenaxe a don Manolo \u00e9 porque temos un centro de sa\u00fade rec\u00e9n reformado grazas \u00e1 vontade da Asociaci\u00f3n de Veci\u00f1os Tabeir\u00f3n, que \u00e9 a propietaria deste edificio emblematico\u201d; sinalou o <strong>Alcalde, Manuel Mu\u00ed\u00f1o<\/strong>. O Concello de Zas, xunto coa Conseller\u00eda de Sanidade,<a href=\"https:\/\/concellodezas.gal\/o-concello-de-zas-pon-en-marcha-as-obras-do-centro-de-saude-de-baio-coas-que-se-duplicaran-a-sua-superficie\/\"> levou a cabo a reforma integral do consistorio cunha importante ampliaci\u00f3n das s\u00faas instalaci\u00f3ns<\/a>. Mu\u00ed\u00f1o, que se emocionou en varios momentos da s\u00faa intervenci\u00f3n ao recordar algunhas das an\u00e9cdotas de Manuel P\u00e9rez Maro\u00f1o, destacou a figura do m\u00e9dico e tam\u00e9n a de Agra Regueiro, a quen se lle adica o nome deste emblem\u00e1tico edificio. \u201cForon dous homes de ciencia; que pelexaron respectivamente pola mellora da educaci\u00f3n e da sanidade\u201d, indicou Mu\u00ed\u00f1o.<\/p>\n\n\n\n<p>Durante o acto tam\u00e9n interviu <strong>Alfonso Villar L\u00f3pez<\/strong>, presidente da Asociaci\u00f3n de Veci\u00f1os Tabeir\u00f3n no momento en que cederon unha parte das instalaci\u00f3ns ao Concello de Zas para a construcci\u00f3n dun centro de sa\u00fade para a vila al\u00f3 polos anos 90. Villar aproveitou a ocasi\u00f3n para destacar que \u201co novo nome do centro de sa\u00fade fai honra a don Manolo por todo o seu compromiso pola mellora continua dos servizos\u201d.<\/p>\n\n\n\n<p><strong>Santiago L\u00f3pez Blanco<\/strong>, profesor no colexio de Baio durante os anos 70, f\u00edxose amigo de Manuel P\u00e9rez Maro\u00f1o despois de levar un estudante \u00e1 s\u00faa consulta. Sorprendeulle a s\u00faa cercan\u00eda e tam\u00e9n aproveitou a s\u00faa intervenci\u00f3n para loar a figura de don Manolo e contar algunha an\u00e9cdota vivida con el. Rematou dando os parab\u00e9ns ao Concello de Zas e \u00e1 vila de Baio \u201cporque un pobo que reco\u00f1ece \u00e1s s\u00faas persoas h\u00f3nrase a s\u00ed mesmo\u201d.<\/p>\n\n\n\n<p><strong>Manuel Barral<\/strong>, m\u00e9dico de familia e ex-Alcalde de Cabana de Berganti\u00f1os, co\u00f1eceu a Manuel P\u00e9rez Maro\u00f1o durante os cursos de formaci\u00f3n continua de m\u00e9dicos rurais que se celebran en Baio e dos que foi promotor. \u201cEn Baio impart\u00edase c\u00e1tedra. Ata aqu\u00ed vi\u00f1an alg\u00fans dos mestres m\u00e1is relevantes da Universidade a impartir clases\u201d, sinalou Barral durante a s\u00faa intervenci\u00f3n. \u201cA s\u00faa cercan\u00eda, o seu trato e a s\u00faa dispo\u00f1ibilidade foi o que m\u00e1is me chamou a atenci\u00f3n del\u201d, destacou Barral. E tam\u00e9n aproveitou para recordar as \u00e9pocas nas que don Manolo pasaba consuta onde os medios eran case inexistentes.<span class=\"Apple-converted-space\">&nbsp;<\/span><\/p>\n\n\n\n<figure class=\"wp-block-image\"><img decoding=\"async\" width=\"1024\" height=\"677\" src=\"https:\/\/concellodezas.gal\/wp-content\/uploads\/2025\/05\/bautizo-centro-saude-baio3-1024x677.png\" alt=\"\" class=\"wp-image-19813\" srcset=\"https:\/\/concellodezas.gal\/wp-content\/uploads\/2025\/05\/bautizo-centro-saude-baio3-1024x677.png 1024w, https:\/\/concellodezas.gal\/wp-content\/uploads\/2025\/05\/bautizo-centro-saude-baio3-300x198.png 300w, https:\/\/concellodezas.gal\/wp-content\/uploads\/2025\/05\/bautizo-centro-saude-baio3-768x508.png 768w, https:\/\/concellodezas.gal\/wp-content\/uploads\/2025\/05\/bautizo-centro-saude-baio3-1536x1015.png 1536w, https:\/\/concellodezas.gal\/wp-content\/uploads\/2025\/05\/bautizo-centro-saude-baio3-1080x714.png 1080w, https:\/\/concellodezas.gal\/wp-content\/uploads\/2025\/05\/bautizo-centro-saude-baio3-1280x846.png 1280w, https:\/\/concellodezas.gal\/wp-content\/uploads\/2025\/05\/bautizo-centro-saude-baio3-980x648.png 980w, https:\/\/concellodezas.gal\/wp-content\/uploads\/2025\/05\/bautizo-centro-saude-baio3-480x317.png 480w, https:\/\/concellodezas.gal\/wp-content\/uploads\/2025\/05\/bautizo-centro-saude-baio3.png 1658w\" sizes=\"(max-width: 1024px) 100vw, 1024px\" \/><\/figure>\n\n\n\n<p><\/p>\n\n\n\n<p>Durante o acto de homenaxe ao Dr. Manuel P\u00e9rez Maro\u00f1o tam\u00e9n interviu <strong>Juan Gestal Otero<\/strong>, Catedr\u00e1tico Em\u00e9rito da USC e que colaborou co m\u00e9dico de Baio en m\u00faltiples ocasi\u00f3ns. \u201cExerceu nunha \u00e9poca de grandes necesidades e carencias e sen horarios\u201d sinalou Gestal a quen definiu a don Manolo e aos m\u00e9dicos do rural como aut\u00e9nticos \u201cheroes silenciosos\u201d.<\/p>\n\n\n\n<p>O acto rematou co descubrimento da placa que dende onte loce na entrada do consistorio \u201cCentro de Sa\u00fade Dr. Manuel P\u00e9rez Maro\u00f1o\u201d.<span class=\"Apple-converted-space\">&nbsp;<\/span><\/p>\n\n\n\n<p>&nbsp;<\/p>\n","protected":false},"excerpt":{"rendered":"<p>Centro de Sa\u00fade Dr. Manuel P\u00e9rez Maro\u00f1o. Este \u00e9 o novo nome do consistorio de Baio co que o Concello de Zas e a veci\u00f1anza queren renderlle homenaxe a don Manolo, o m\u00e9dico de familia da vila que exerceu a profesi\u00f3n durante m\u00e1is de 40 anos cando as condici\u00f3ns e os medios eran escasos. Foi [&hellip;]<\/p>\n","protected":false},"author":5,"featured_media":19805,"comment_status":"open","ping_status":"closed","sticky":false,"template":"","format":"standard","meta":{"slim_seo":{"title":"O Centro de Baio xa leva o nome de \u201cDr. Manuel P\u00e9rez Maro\u00f1o\u201d - Concello de Zas","description":"Centro de Sa\u00fade Dr. Manuel P\u00e9rez Maro\u00f1o . Este \u00e9 o novo nome do consistorio de Baio co que o Concello de Zas e a veci\u00f1anza queren renderlle homenaxe a don Manol"},"footnotes":""},"categories":[415],"tags":[],"class_list":["post-19803","post","type-post","status-publish","format-standard","has-post-thumbnail","hentry","category-turismo"],"_links":{"self":[{"href":"https:\/\/concellodezas.gal\/es\/wp-json\/wp\/v2\/posts\/19803","targetHints":{"allow":["GET"]}}],"collection":[{"href":"https:\/\/concellodezas.gal\/es\/wp-json\/wp\/v2\/posts"}],"about":[{"href":"https:\/\/concellodezas.gal\/es\/wp-json\/wp\/v2\/types\/post"}],"author":[{"embeddable":true,"href":"https:\/\/concellodezas.gal\/es\/wp-json\/wp\/v2\/users\/5"}],"replies":[{"embeddable":true,"href":"https:\/\/concellodezas.gal\/es\/wp-json\/wp\/v2\/comments?post=19803"}],"version-history":[{"count":1,"href":"https:\/\/concellodezas.gal\/es\/wp-json\/wp\/v2\/posts\/19803\/revisions"}],"predecessor-version":[{"id":29012,"href":"https:\/\/concellodezas.gal\/es\/wp-json\/wp\/v2\/posts\/19803\/revisions\/29012"}],"wp:featuredmedia":[{"embeddable":true,"href":"https:\/\/concellodezas.gal\/es\/wp-json\/wp\/v2\/media\/19805"}],"wp:attachment":[{"href":"https:\/\/concellodezas.gal\/es\/wp-json\/wp\/v2\/media?parent=19803"}],"wp:term":[{"taxonomy":"category","embeddable":true,"href":"https:\/\/concellodezas.gal\/es\/wp-json\/wp\/v2\/categories?post=19803"},{"taxonomy":"post_tag","embeddable":true,"href":"https:\/\/concellodezas.gal\/es\/wp-json\/wp\/v2\/tags?post=19803"}],"curies":[{"name":"wp","href":"https:\/\/api.w.org\/{rel}","templated":true}]}}