{"id":19796,"date":"2025-04-30T23:10:22","date_gmt":"2025-04-30T21:10:22","guid":{"rendered":"https:\/\/concellodezas.org\/?p=19796"},"modified":"2026-03-06T10:35:04","modified_gmt":"2026-03-06T09:35:04","slug":"baio-ten-as-letras-unha-nova-paxina-para-a-decima-edicion-dun-evento-xa-consolidado","status":"publish","type":"post","link":"https:\/\/concellodezas.gal\/es\/baio-ten-as-letras-unha-nova-paxina-para-a-decima-edicion-dun-evento-xa-consolidado\/","title":{"rendered":"\u00abBaio ten as Letras\u00bb: unha nova p\u00e1xina para a d\u00e9cima edici\u00f3n dun evento xa consolidado"},"content":{"rendered":"\n<p>O vindeiro mes de maio, a vila de Baio celebrar\u00e1 a d\u00e9cima edici\u00f3n dun dos eventos m\u00e1is reco\u00f1ecidos da zona, que ao longo dos anos logrou consolidarse como unha cita<br>ineludible para veci\u00f1anza e visitantes. O que naceu como <strong>\u00abBaio ten a Pelota\u00bb<\/strong>, aproveita o d\u00e9cimo aniversario para evolucionar agora co nome de<strong> \u00abBaio ten as Letras\u00bb<\/strong>, mantendo a esencia que o fixo popular e engadindo novos contidos culturais para enriquecer a proposta.<\/p>\n\n\n\n<p>Esta transformaci\u00f3n responde \u00e1 vontade de manter vivo un evento que forma parte da identidade de Baio, apostando pola renovaci\u00f3n con sentido, sen esquecer o pasado. A d\u00e9cima edici\u00f3n ser\u00e1, as\u00ed, unha celebraci\u00f3n especial que combina tradici\u00f3n e novidade, co obxectivo de seguir facendo medrar a vila a trav\u00e9s da cultura, o comercio e a participaci\u00f3n social.<\/p>\n\n\n\n<p><strong>Actividades principais<\/strong><br>A programaci\u00f3n desenvolverase os d\u00edas <strong>venres 9, s\u00e1bado 10 e domingo 11 de maio<\/strong> e incluir\u00e1 os elementos que fixeron desta celebraci\u00f3n un \u00e9xito ano tras ano:<\/p>\n\n\n\n<p>\u2022 Descontos de ata o 20 % nas tendas locais participantes<br>\u2022 Ruta gastron\u00f3mica de tapas nos bares da vila<br>\u2022 Animaci\u00f3n nas r\u00faas durante toda a fin de semana<br>\u2022 Moitas actividades infant\u00eds orientadas ao p\u00fablico familiar<\/p>\n\n\n\n<p><strong>Feira das Letras: a gran novidade<\/strong><br>Entre as novidades desta edici\u00f3n destaca a posta en marcha da \u00abFeira das Letras\u00bb, que se celebrar\u00e1 na carpa situada na Praza Jorge Mira. Este espazo acoller\u00e1:<\/p>\n\n\n\n<p>\u2022 Postos de venda de libros e artesan\u00eda relacionada coa lectura<br>\u2022 Cinco presentaci\u00f3ns de libros a cargo de autores convidados<br>\u2022 Unha exposici\u00f3n fotogr\u00e1fica centrada na memoria visual do Concello<br>\u2022 Obradoiros infant\u00eds, como o de creaci\u00f3n de marcap\u00e1xinas, entre outras propostas<\/p>\n\n\n\n<p><strong>Premios, sorteos e natureza<\/strong><br>Como \u00e9 habitual, todas as compras realizadas nos establecementos adheridos e as consumici\u00f3ns da ruta de tapas permitir\u00e1n acumular cu\u00f1os para participar en sorteos de<br>premios econ\u00f3micos ao rematar a campa\u00f1a.<\/p>\n\n\n\n<p>Ademais, organizarase unha <strong>andaina polo \u00abCarreiro do R\u00edo\u00bb<\/strong>, unha ruta de sendeirismo recentemente homologada. Esta actividade require inscrici\u00f3n previa gratu\u00edta e rematar\u00e1<br>cunha <strong>sesi\u00f3n verm\u00fa ben\u00e9fica<\/strong> na propia Praza Jorge Mira.<\/p>\n\n\n\n<p><strong>Un evento organizado por BaiOn Asociaci\u00f3n e Concello de Zas<\/strong><br>\u00abBaio ten as Letras\u00bb est\u00e1 organizado polo Concello de Zas e a recentemente creada BaiOn Asociaci\u00f3n, unha nova entidade que xorde tras a disoluci\u00f3n da anterior asociaci\u00f3n de<br>comerciantes, coa intenci\u00f3n de revitalizar e coordinar as iniciativas do tecido comercial local.<\/p>\n\n\n\n<p>A nova asociaci\u00f3n est\u00e1 aberta \u00e1 participaci\u00f3n de todos os establecementos de Baio que desexen formar parte dun proxecto com\u00fan orientado a dinamizar a vila e fortalecer o seu<br>papel como referente cultural e comercial na comarca.<\/p>\n\n\n\n<p>Toda a informaci\u00f3n relativa ao evento pode consultarse nas redes sociais oficiais da BaiOn Asociaci\u00f3n e do Concello de Zas.<\/p>\n\n\n\n<figure class=\"wp-block-image size-large\"><img fetchpriority=\"high\" decoding=\"async\" width=\"1024\" height=\"138\" src=\"https:\/\/concellodezas.gal\/wp-content\/uploads\/2025\/04\/Banner-Actividade-Subvencionada-pola-Deputacion-da-Coruna-1024x138.jpg\" alt=\"Banner Actividade Subvencionada pola Deputacio\u0301n da Corun\u0303a\" class=\"wp-image-30609\" srcset=\"https:\/\/concellodezas.gal\/wp-content\/uploads\/2025\/04\/Banner-Actividade-Subvencionada-pola-Deputacion-da-Coruna-1024x138.jpg 1024w, https:\/\/concellodezas.gal\/wp-content\/uploads\/2025\/04\/Banner-Actividade-Subvencionada-pola-Deputacion-da-Coruna-300x41.jpg 300w, https:\/\/concellodezas.gal\/wp-content\/uploads\/2025\/04\/Banner-Actividade-Subvencionada-pola-Deputacion-da-Coruna-768x104.jpg 768w, https:\/\/concellodezas.gal\/wp-content\/uploads\/2025\/04\/Banner-Actividade-Subvencionada-pola-Deputacion-da-Coruna-1536x207.jpg 1536w, https:\/\/concellodezas.gal\/wp-content\/uploads\/2025\/04\/Banner-Actividade-Subvencionada-pola-Deputacion-da-Coruna.jpg 2000w\" sizes=\"(max-width: 1024px) 100vw, 1024px\" \/><\/figure>\n","protected":false},"excerpt":{"rendered":"<p>O vindeiro mes de maio, a vila de Baio celebrar\u00e1 a d\u00e9cima edici\u00f3n dun dos eventos m\u00e1is reco\u00f1ecidos da zona, que ao longo dos anos logrou consolidarse como unha citaineludible para veci\u00f1anza e visitantes. O que naceu como \u00abBaio ten a Pelota\u00bb, aproveita o d\u00e9cimo aniversario para evolucionar agora co nome de \u00abBaio ten as [&hellip;]<\/p>\n","protected":false},"author":5,"featured_media":19797,"comment_status":"open","ping_status":"closed","sticky":false,"template":"","format":"standard","meta":{"slim_seo":{"title":"\"Baio ten as Letras\": unha nova p\u00e1xina para a d\u00e9cima edici\u00f3n dun evento xa consolidado - Concello de Zas","description":"O vindeiro mes de maio, a vila de Baio celebrar\u00e1 a d\u00e9cima edici\u00f3n dun dos eventos m\u00e1is reco\u00f1ecidos da zona, que ao longo dos anos logrou consolidarse como unha"},"footnotes":""},"categories":[413],"tags":[],"class_list":["post-19796","post","type-post","status-publish","format-standard","has-post-thumbnail","hentry","category-cultura-e-deportes"],"_links":{"self":[{"href":"https:\/\/concellodezas.gal\/es\/wp-json\/wp\/v2\/posts\/19796","targetHints":{"allow":["GET"]}}],"collection":[{"href":"https:\/\/concellodezas.gal\/es\/wp-json\/wp\/v2\/posts"}],"about":[{"href":"https:\/\/concellodezas.gal\/es\/wp-json\/wp\/v2\/types\/post"}],"author":[{"embeddable":true,"href":"https:\/\/concellodezas.gal\/es\/wp-json\/wp\/v2\/users\/5"}],"replies":[{"embeddable":true,"href":"https:\/\/concellodezas.gal\/es\/wp-json\/wp\/v2\/comments?post=19796"}],"version-history":[{"count":2,"href":"https:\/\/concellodezas.gal\/es\/wp-json\/wp\/v2\/posts\/19796\/revisions"}],"predecessor-version":[{"id":30610,"href":"https:\/\/concellodezas.gal\/es\/wp-json\/wp\/v2\/posts\/19796\/revisions\/30610"}],"wp:featuredmedia":[{"embeddable":true,"href":"https:\/\/concellodezas.gal\/es\/wp-json\/wp\/v2\/media\/19797"}],"wp:attachment":[{"href":"https:\/\/concellodezas.gal\/es\/wp-json\/wp\/v2\/media?parent=19796"}],"wp:term":[{"taxonomy":"category","embeddable":true,"href":"https:\/\/concellodezas.gal\/es\/wp-json\/wp\/v2\/categories?post=19796"},{"taxonomy":"post_tag","embeddable":true,"href":"https:\/\/concellodezas.gal\/es\/wp-json\/wp\/v2\/tags?post=19796"}],"curies":[{"name":"wp","href":"https:\/\/api.w.org\/{rel}","templated":true}]}}