{"id":19758,"date":"2025-04-22T15:28:38","date_gmt":"2025-04-22T13:28:38","guid":{"rendered":"https:\/\/concellodezas.org\/?p=19758"},"modified":"2025-12-22T16:47:13","modified_gmt":"2025-12-22T15:47:13","slug":"o-concello-de-zas-leva-o-contacontos-o-poeta-da-terra-adicado-a-labarta-pose-aos-centros-de-ensino-no-dia-do-libro","status":"publish","type":"post","link":"https:\/\/concellodezas.gal\/es\/o-concello-de-zas-leva-o-contacontos-o-poeta-da-terra-adicado-a-labarta-pose-aos-centros-de-ensino-no-dia-do-libro\/","title":{"rendered":"O Concello de Zas leva o contacontos \u201cO Poeta da Terra\u201d adicado a Labarta Pose aos centros de ensino no D\u00eda do Libro"},"content":{"rendered":"<p>Este m\u00e9rcores, con motivo do D\u00eda Internacional do Libro, o Concello de Zas leva un contacontos sobre Enrique Labarta Pose a dous dos centros de ensino do noso municipio co obxectivo de dar a co\u00f1ecer a figura de Labarta entre o p\u00fablico infantil e de promover o h\u00e1bito da lectura. Esta \u00e9 unha actividade que se enmarca na programaci\u00f3n especial dos 100 anos do pasamento de Enrique Labarta Pose.<span class=\"Apple-converted-space\">\u00a0<\/span><\/p>\n<p><b>\u201cO Poeta da Terra\u201d<\/b> \u00e9 o t\u00edtulo deste espect\u00e1culo que nos trae <b>Polo Correo do Vento<\/b> que est\u00e1 baseado no primeiro libro infantil adicado a Enrique Labarta Pose e que foi editado recentemente polo Concello de Zas xunto con Lela Edici\u00f3ns. A trav\u00e9s do conto e da ilustraci\u00f3n repasar\u00e1n unha boa parte da vida e obra de Labarta.<span class=\"Apple-converted-space\">\u00a0<\/span><\/p>\n<p>Haber\u00e1 d\u00faas funci\u00f3ns. A primeira ser\u00e1 as 10:00 horas no CPI de Zas e un pouco m\u00e1is tarde, as 11:30 horas, no CEIP Labarta Pose de Baio.<\/p>\n<p><b>\u201cO Poeta da Terra\u201d<\/b><\/p>\n<p>Dende que se publicou, no mes de outubro, o Concello de Zas repartiu de forma gratu\u00edta m\u00e1is de 500 libros de \u201cO Poeta da Terra\u201d entre o alumnado de todo o municipio e as bibliotecas municipais e os centros de educaci\u00f3n primaria dos 17 concellos que forman a Costa da Morte.<\/p>\n<p>\u201cO Poeta da Terra\u201d \u00e9 o primeiro libro infantil na honra de Enrique Labarta Pose e que destaca pola vistosidade das s\u00faas ilustraci\u00f3ns. A trav\u00e9s del, o equipo de goberno do Concello de Zas quere po\u00f1er en valor e dar a co\u00f1ecer a figura deste ilustre veci\u00f1o e conseguir que a Real Academia Galega lle adique o seu propio D\u00eda das Letras Galegas.<\/p>\n","protected":false},"excerpt":{"rendered":"<p>Este m\u00e9rcores, con motivo do D\u00eda Internacional do Libro, o Concello de Zas leva un contacontos sobre Enrique Labarta Pose a dous dos centros de ensino do noso municipio co obxectivo de dar a co\u00f1ecer a figura de Labarta entre o p\u00fablico infantil e de promover o h\u00e1bito da lectura. Esta \u00e9 unha actividade que [&hellip;]<\/p>\n","protected":false},"author":5,"featured_media":19759,"comment_status":"open","ping_status":"closed","sticky":false,"template":"","format":"standard","meta":{"slim_seo":{"title":"O Concello de Zas leva o contacontos \u201cO Poeta da Terra\u201d adicado a Labarta Pose aos centros de ensino no D\u00eda do Libro - Concello de Zas","description":"Este m\u00e9rcores, con motivo do D\u00eda Internacional do Libro, o Concello de Zas leva un contacontos sobre Enrique Labarta Pose a dous dos centros de ensino do noso m"},"footnotes":""},"categories":[413],"tags":[],"class_list":["post-19758","post","type-post","status-publish","format-standard","has-post-thumbnail","hentry","category-cultura-e-deportes"],"_links":{"self":[{"href":"https:\/\/concellodezas.gal\/es\/wp-json\/wp\/v2\/posts\/19758","targetHints":{"allow":["GET"]}}],"collection":[{"href":"https:\/\/concellodezas.gal\/es\/wp-json\/wp\/v2\/posts"}],"about":[{"href":"https:\/\/concellodezas.gal\/es\/wp-json\/wp\/v2\/types\/post"}],"author":[{"embeddable":true,"href":"https:\/\/concellodezas.gal\/es\/wp-json\/wp\/v2\/users\/5"}],"replies":[{"embeddable":true,"href":"https:\/\/concellodezas.gal\/es\/wp-json\/wp\/v2\/comments?post=19758"}],"version-history":[{"count":1,"href":"https:\/\/concellodezas.gal\/es\/wp-json\/wp\/v2\/posts\/19758\/revisions"}],"predecessor-version":[{"id":29018,"href":"https:\/\/concellodezas.gal\/es\/wp-json\/wp\/v2\/posts\/19758\/revisions\/29018"}],"wp:featuredmedia":[{"embeddable":true,"href":"https:\/\/concellodezas.gal\/es\/wp-json\/wp\/v2\/media\/19759"}],"wp:attachment":[{"href":"https:\/\/concellodezas.gal\/es\/wp-json\/wp\/v2\/media?parent=19758"}],"wp:term":[{"taxonomy":"category","embeddable":true,"href":"https:\/\/concellodezas.gal\/es\/wp-json\/wp\/v2\/categories?post=19758"},{"taxonomy":"post_tag","embeddable":true,"href":"https:\/\/concellodezas.gal\/es\/wp-json\/wp\/v2\/tags?post=19758"}],"curies":[{"name":"wp","href":"https:\/\/api.w.org\/{rel}","templated":true}]}}