{"id":19737,"date":"2025-04-14T23:33:04","date_gmt":"2025-04-14T21:33:04","guid":{"rendered":"https:\/\/concellodezas.org\/?p=19737"},"modified":"2025-12-22T16:47:13","modified_gmt":"2025-12-22T15:47:13","slug":"zas-acolleu-a-13a-xornada-da-liga-galega-de-billarda","status":"publish","type":"post","link":"https:\/\/concellodezas.gal\/es\/zas-acolleu-a-13a-xornada-da-liga-galega-de-billarda\/","title":{"rendered":"Zas acolleu a 13\u00aa xornada da Liga Galega de Billarda"},"content":{"rendered":"<p>Os exteriores do pavill\u00f3n municipal de Zas acolleron onte pola ma\u00f1\u00e1 a <a href=\"https:\/\/billarda.gal\/\"><strong>13\u00aa xornada da Liga Galega de Billarda<\/strong> <\/a>que reuniu a un bo n\u00famero de xogadores e xogadoras de toda a comunidade.<\/p>\n<p>O Alcalde de Zas, Manuel Mu\u00ed\u00f1o, foi o encargado de realizar a entrega dos trofeos e dos agasallos doados polo Concello de Zas e aproveitou a ocasi\u00f3n para \u201cabrir as portas do noso concello a vindeiras citas deste deporte tradicional\u201d.<\/p>\n<p>Esta foi a clasificaci\u00f3n:<\/p>\n<p>ABSOLUTA<\/p>\n<ul>\n<li>Campi\u00f3n: Viqueira (Cochiqueiros &#8211; Cerceda)<\/li>\n<li>Subcampi\u00f3n: Kiko (Billarda R\u00edo Mi\u00f1o &#8211; Castro de Ribeiras de Lea)<\/li>\n<li>Terceiro clasificado: Alberte (Cochiqueiros &#8211; Cerceda)<\/li>\n<\/ul>\n<p>FEMININA<\/p>\n<ul>\n<li>Campiona: Merche (APB &#8211; A Laracha)<\/li>\n<li>Subcampiona: Irene (Cochiqueiros &#8211; Cerceda)<\/li>\n<li>Terceira clasificada: Esther (Cochiqueiros &#8211; Cerceda)<\/li>\n<\/ul>\n<p>INFANTIL<\/p>\n<ul>\n<li>Campi\u00f3n: Adri\u00e1n (Billarda R\u00edo Mi\u00f1o &#8211; Castro de Ribeiras de Lea)<\/li>\n<li>Subcampiona: Noa (Campo da Feira &#8211; Paiosaco)<\/li>\n<\/ul>\n","protected":false},"excerpt":{"rendered":"<p>Os exteriores do pavill\u00f3n municipal de Zas acolleron onte pola ma\u00f1\u00e1 a 13\u00aa xornada da Liga Galega de Billarda que reuniu a un bo n\u00famero de xogadores e xogadoras de toda a comunidade. O Alcalde de Zas, Manuel Mu\u00ed\u00f1o, foi o encargado de realizar a entrega dos trofeos e dos agasallos doados polo Concello de [&hellip;]<\/p>\n","protected":false},"author":5,"featured_media":19738,"comment_status":"open","ping_status":"closed","sticky":false,"template":"","format":"standard","meta":{"slim_seo":{"title":"Zas acolleu a 13\u00aa xornada da Liga Galega de Billarda - Concello de Zas","description":"Os exteriores do pavill\u00f3n municipal de Zas acolleron onte pola ma\u00f1\u00e1 a 13\u00aa xornada da Liga Galega de Billarda que reuniu a un bo n\u00famero de xogadores e xogadoras"},"footnotes":""},"categories":[413],"tags":[],"class_list":["post-19737","post","type-post","status-publish","format-standard","has-post-thumbnail","hentry","category-cultura-e-deportes"],"_links":{"self":[{"href":"https:\/\/concellodezas.gal\/es\/wp-json\/wp\/v2\/posts\/19737","targetHints":{"allow":["GET"]}}],"collection":[{"href":"https:\/\/concellodezas.gal\/es\/wp-json\/wp\/v2\/posts"}],"about":[{"href":"https:\/\/concellodezas.gal\/es\/wp-json\/wp\/v2\/types\/post"}],"author":[{"embeddable":true,"href":"https:\/\/concellodezas.gal\/es\/wp-json\/wp\/v2\/users\/5"}],"replies":[{"embeddable":true,"href":"https:\/\/concellodezas.gal\/es\/wp-json\/wp\/v2\/comments?post=19737"}],"version-history":[{"count":1,"href":"https:\/\/concellodezas.gal\/es\/wp-json\/wp\/v2\/posts\/19737\/revisions"}],"predecessor-version":[{"id":29019,"href":"https:\/\/concellodezas.gal\/es\/wp-json\/wp\/v2\/posts\/19737\/revisions\/29019"}],"wp:featuredmedia":[{"embeddable":true,"href":"https:\/\/concellodezas.gal\/es\/wp-json\/wp\/v2\/media\/19738"}],"wp:attachment":[{"href":"https:\/\/concellodezas.gal\/es\/wp-json\/wp\/v2\/media?parent=19737"}],"wp:term":[{"taxonomy":"category","embeddable":true,"href":"https:\/\/concellodezas.gal\/es\/wp-json\/wp\/v2\/categories?post=19737"},{"taxonomy":"post_tag","embeddable":true,"href":"https:\/\/concellodezas.gal\/es\/wp-json\/wp\/v2\/tags?post=19737"}],"curies":[{"name":"wp","href":"https:\/\/api.w.org\/{rel}","templated":true}]}}