{"id":19707,"date":"2025-04-07T23:16:38","date_gmt":"2025-04-07T21:16:38","guid":{"rendered":"https:\/\/concellodezas.org\/?p=19707"},"modified":"2026-01-16T07:59:30","modified_gmt":"2026-01-16T06:59:30","slug":"abrese-o-prazo-para-participar-nos-campamentos-de-semana-santa-organizados-polo-concello-de-zas","status":"publish","type":"post","link":"https:\/\/concellodezas.gal\/es\/abrese-o-prazo-para-participar-nos-campamentos-de-semana-santa-organizados-polo-concello-de-zas\/","title":{"rendered":"\u00c1brese o prazo para participar nos campamentos de Semana Santa organizados polo Concello de Zas"},"content":{"rendered":"<p>As vacaci\u00f3ns da Semana Santa xa est\u00e1n case aqu\u00ed e con elas chegan os <b>campamentos<\/b> organizados polo Concello de Zas co fin de facilitar a conciliaci\u00f3n laboral e familiar da nosa veci\u00f1anza. Estes talleres est\u00e1n dirixidos a rapazada de 3 a 12 anos.<\/p>\n<p>Ser\u00e1n os d\u00edas 14, 15 e 16 de abril e, como sempre, haber\u00e1 d\u00faas quendas; unha no Centro Sociocultural de Zas e outra no Centro Sociocultural de Baio. Nos dous casos o horario \u00e9 de 10:00 a 14:00 horas.<\/p>\n<p>Para participar \u00e9 necesario anotarse previamente en calquera dos dous centros socioculturais a trav\u00e9s dos n\u00fameros de tel\u00e9fono 981 751 398 (Zas) ou no 981 718 056 (Baio). As inscrici\u00f3ns son de balde.<span class=\"Apple-converted-space\">\u00a0<\/span><\/p>\n","protected":false},"excerpt":{"rendered":"<p>As vacaci\u00f3ns da Semana Santa xa est\u00e1n case aqu\u00ed e con elas chegan os campamentos organizados polo Concello de Zas co fin de facilitar a conciliaci\u00f3n laboral e familiar da nosa veci\u00f1anza. Estes talleres est\u00e1n dirixidos a rapazada de 3 a 12 anos. Ser\u00e1n os d\u00edas 14, 15 e 16 de abril e, como sempre, [&hellip;]<\/p>\n","protected":false},"author":5,"featured_media":19708,"comment_status":"open","ping_status":"closed","sticky":false,"template":"","format":"standard","meta":{"slim_seo":{"title":"\u00c1brese o prazo para participar nos campamentos de Semana Santa organizados polo Concello de Zas - Concello de Zas","description":"As vacaci\u00f3ns da Semana Santa xa est\u00e1n case aqu\u00ed e con elas chegan os campamentos organizados polo Concello de Zas co fin de facilitar a conciliaci\u00f3n laboral e f"},"footnotes":""},"categories":[412],"tags":[],"class_list":["post-19707","post","type-post","status-publish","format-standard","has-post-thumbnail","hentry","category-servizos-sociais"],"_links":{"self":[{"href":"https:\/\/concellodezas.gal\/es\/wp-json\/wp\/v2\/posts\/19707","targetHints":{"allow":["GET"]}}],"collection":[{"href":"https:\/\/concellodezas.gal\/es\/wp-json\/wp\/v2\/posts"}],"about":[{"href":"https:\/\/concellodezas.gal\/es\/wp-json\/wp\/v2\/types\/post"}],"author":[{"embeddable":true,"href":"https:\/\/concellodezas.gal\/es\/wp-json\/wp\/v2\/users\/5"}],"replies":[{"embeddable":true,"href":"https:\/\/concellodezas.gal\/es\/wp-json\/wp\/v2\/comments?post=19707"}],"version-history":[{"count":1,"href":"https:\/\/concellodezas.gal\/es\/wp-json\/wp\/v2\/posts\/19707\/revisions"}],"predecessor-version":[{"id":29023,"href":"https:\/\/concellodezas.gal\/es\/wp-json\/wp\/v2\/posts\/19707\/revisions\/29023"}],"wp:featuredmedia":[{"embeddable":true,"href":"https:\/\/concellodezas.gal\/es\/wp-json\/wp\/v2\/media\/19708"}],"wp:attachment":[{"href":"https:\/\/concellodezas.gal\/es\/wp-json\/wp\/v2\/media?parent=19707"}],"wp:term":[{"taxonomy":"category","embeddable":true,"href":"https:\/\/concellodezas.gal\/es\/wp-json\/wp\/v2\/categories?post=19707"},{"taxonomy":"post_tag","embeddable":true,"href":"https:\/\/concellodezas.gal\/es\/wp-json\/wp\/v2\/tags?post=19707"}],"curies":[{"name":"wp","href":"https:\/\/api.w.org\/{rel}","templated":true}]}}