{"id":19590,"date":"2025-03-14T12:33:28","date_gmt":"2025-03-14T11:33:28","guid":{"rendered":"https:\/\/concellodezas.org\/?p=19590"},"modified":"2025-12-22T16:47:14","modified_gmt":"2025-12-22T15:47:14","slug":"o-concello-de-zas-conmemora-o-centenario-da-morte-de-enrique-labarta-pose-cunha-programacion-especial-para-reivindicar-a-sua-figura","status":"publish","type":"post","link":"https:\/\/concellodezas.gal\/es\/o-concello-de-zas-conmemora-o-centenario-da-morte-de-enrique-labarta-pose-cunha-programacion-especial-para-reivindicar-a-sua-figura\/","title":{"rendered":"O Concello de Zas conmemora o centenario da morte de Enrique Labarta Pose cunha programaci\u00f3n especial para reivindicar a s\u00faa figura"},"content":{"rendered":"<p>O 13 de maio \u00e9 unha data sinalada no calendario do Concello de Zas xa que neste 2025 c\u00famprense <b>100 anos da morte de Enrique Labarta Pose<\/b>. Por este motivo, o Concello de Zas, a trav\u00e9s do seu departamento de Cultura, v\u00e9n de dese\u00f1ar unha programaci\u00f3n especial na lembranza do polifac\u00e9tico escritor que se desenvolver\u00e1 durante os vindeiros meses e que se realizar\u00e1 coa colaboraci\u00f3n da comunidade educativa e do grupo de teatro Badius.<\/p>\n<ul>\n<li>A primeira actividade ser\u00e1 o 26 de marzo coa <b>lectura da obra \u201cO segredo do T\u00edo Sanfona\u201d <\/b>que realizar\u00e1 o alumnado do IES Maximino Romero de Lema no programa de Radio Escolar Vimianzo. Tam\u00e9n gravar\u00e1n en<b> podcast o conto \u201cA Compa\u00f1a\u201d<\/b>.<\/li>\n<li>En abril instalaranse nas principais r\u00faas de Baio e de Zas unha <b>exposici\u00f3n conmemorativa<\/b> cunha escolma de poemas de Enrique Labarta Pose.<span class=\"Apple-converted-space\">\u00a0<\/span><\/li>\n<li>Coincidindo co D\u00eda Internacional do Libro, que se celebra o 23 de abril, levaremos o <b>contacontos \u201cO poeta do pobo\u201d<\/b> ao CPI de Zas (10:00 horas) e ao CEIP Labarta Pose (11:30 horas). Diso encargaranse os membros de \u201cPolo Correo do Vento\u201d.<span class=\"Apple-converted-space\">\u00a0<\/span><\/li>\n<li>Un dos actos centrais desta programaci\u00f3n especial na honra de Enrique Labarta Pose ser\u00e1 o <b>13 de maio<\/b>, coincidindo co d\u00eda exacto do seu falecemento, e realizarase na Praza Jorge Mira P\u00e9rez de Baio a partir das 11:00 horas. Nesta conmemoraci\u00f3n decobriremos un monumento, realizarase un acto simb\u00f3lico do seu enterramento, realizarase unha ofrenda floral e farase a lectura do poema \u201cQue me enterren al\u00f3\u201d coa participaci\u00f3n do alumnado do CPI de Zas, do CEIP Labarta Pose e do IES Maximino Romero de Lema.<\/li>\n<li>Algunhas obras de teatro m\u00e1is relevantes escritas por Enrique Labarta Pose representaranse na tarde do domingo <b>25 de maio <\/b>no Auditorio de Baio. O alumnado do CEIP Labarta Pose interpreter\u00e1 \u201cO t\u00edo Sanfona\u201d, \u201cA lingua pequena\u201d e \u201cFalade Galego!\u201d; mentras que o o grupo de teatro Badius representar\u00e1 \u201cUnha boa misa\u201d.<\/li>\n<li>Durante a Semana Cultural que organiza o IES Maximino Romero de Lema realizarase un <b>roteiro literario polo espazos bibliogr\u00e1ficos e literarios localizados en Baio<\/b>.<span class=\"Apple-converted-space\">\u00a0<\/span><\/li>\n<li>E xa por \u00faltimo, o grupo de m\u00fasica local Sidhe est\u00e1 a traballar nestes meses na musicalizaci\u00f3n da s\u00faa obra po\u00e9tica que pronto poderemos escoitar.<span class=\"Apple-converted-space\">\u00a0<\/span><\/li>\n<\/ul>\n<p>O Concello de Zas est\u00e1 a realizar unha intensa labor de posta en valor da obra e figura de Enrique Labarta Pose co fin de que se lle dea o seu reco\u00f1ecemento e que a Real Academia Galega lle conceda o seu propio D\u00eda das Letras Galegas.<\/p>\n","protected":false},"excerpt":{"rendered":"<p>O 13 de maio \u00e9 unha data sinalada no calendario do Concello de Zas xa que neste 2025 c\u00famprense 100 anos da morte de Enrique Labarta Pose. Por este motivo, o Concello de Zas, a trav\u00e9s do seu departamento de Cultura, v\u00e9n de dese\u00f1ar unha programaci\u00f3n especial na lembranza do polifac\u00e9tico escritor que se desenvolver\u00e1 [&hellip;]<\/p>\n","protected":false},"author":5,"featured_media":19591,"comment_status":"open","ping_status":"closed","sticky":false,"template":"","format":"standard","meta":{"slim_seo":{"title":"O Concello de Zas conmemora o centenario da morte de Enrique Labarta Pose cunha programaci\u00f3n especial para reivindicar a s\u00faa figura - Concello de Zas","description":"O 13 de maio \u00e9 unha data sinalada no calendario do Concello de Zas xa que neste 2025 c\u00famprense 100 anos da morte de Enrique Labarta Pose . Por este motivo, o Co"},"footnotes":""},"categories":[10],"tags":[],"class_list":["post-19590","post","type-post","status-publish","format-standard","has-post-thumbnail","hentry","category-concello"],"_links":{"self":[{"href":"https:\/\/concellodezas.gal\/es\/wp-json\/wp\/v2\/posts\/19590","targetHints":{"allow":["GET"]}}],"collection":[{"href":"https:\/\/concellodezas.gal\/es\/wp-json\/wp\/v2\/posts"}],"about":[{"href":"https:\/\/concellodezas.gal\/es\/wp-json\/wp\/v2\/types\/post"}],"author":[{"embeddable":true,"href":"https:\/\/concellodezas.gal\/es\/wp-json\/wp\/v2\/users\/5"}],"replies":[{"embeddable":true,"href":"https:\/\/concellodezas.gal\/es\/wp-json\/wp\/v2\/comments?post=19590"}],"version-history":[{"count":1,"href":"https:\/\/concellodezas.gal\/es\/wp-json\/wp\/v2\/posts\/19590\/revisions"}],"predecessor-version":[{"id":29029,"href":"https:\/\/concellodezas.gal\/es\/wp-json\/wp\/v2\/posts\/19590\/revisions\/29029"}],"wp:featuredmedia":[{"embeddable":true,"href":"https:\/\/concellodezas.gal\/es\/wp-json\/wp\/v2\/media\/19591"}],"wp:attachment":[{"href":"https:\/\/concellodezas.gal\/es\/wp-json\/wp\/v2\/media?parent=19590"}],"wp:term":[{"taxonomy":"category","embeddable":true,"href":"https:\/\/concellodezas.gal\/es\/wp-json\/wp\/v2\/categories?post=19590"},{"taxonomy":"post_tag","embeddable":true,"href":"https:\/\/concellodezas.gal\/es\/wp-json\/wp\/v2\/tags?post=19590"}],"curies":[{"name":"wp","href":"https:\/\/api.w.org\/{rel}","templated":true}]}}