{"id":18387,"date":"2024-10-26T21:58:51","date_gmt":"2024-10-26T19:58:51","guid":{"rendered":"https:\/\/concellodezas.org\/?p=18387"},"modified":"2025-12-22T16:47:16","modified_gmt":"2025-12-22T15:47:16","slug":"o-concello-de-zas-presenta-o-poeta-da-terra-o-primeiro-libro-infantil-adicado-a-enrique-labarta-pose","status":"publish","type":"post","link":"https:\/\/concellodezas.gal\/es\/o-concello-de-zas-presenta-o-poeta-da-terra-o-primeiro-libro-infantil-adicado-a-enrique-labarta-pose\/","title":{"rendered":"O Concello de Zas presenta \u201cO Poeta da Terra\u201d, o primeiro libro infantil adicado a Enrique Labarta Pose"},"content":{"rendered":"\n<p>Esta tarde presentouse no Auditorio de Baio <b>\u201cO Poeta da Terra\u201d<\/b>; o primeiro libro infantil sobre <a href=\"https:\/\/enriquelabartapose.concellodezas.org\/\">Enrique Labarta Pose<\/a> e o cuarto editado polo Concello de Zas. O libro forma parte da colecci\u00f3n de literatura infantil sobre personaxes galegos de <a href=\"https:\/\/lelaedicions.blogspot.com\/\">Lela Edici\u00f3ns<\/a>.<\/p>\n\n\n\n<p>\u201cO Poeta da Terra\u201d nace co obxectivo de continuar coa difusi\u00f3n da vida e obra de Enrique Labarta Pose que, nesta ocasi\u00f3n, se centra no p\u00fablico m\u00e1is novo. De a\u00ed que sexa un libro moi vistoso acompa\u00f1ado das ilustraci\u00f3ns de Tania Solla. \u201cEste libro forma parte dun proxecto no que est\u00e1 implicado toda a Corporaci\u00f3n Municipal a trav\u00e9s do cal queremos po\u00f1er en valor a figura de Enrique Labarta Pose\u201d; sinalou Manuel Mu\u00ed\u00f1o, Alcalde de Zas, durante a s\u00faa intervenci\u00f3n. No acto &#8211; presentado por Tania Carreira, t\u00e9cnica do Concello de Zas &#8211;<span class=\"Apple-converted-space\">&nbsp; <\/span>tam\u00e9n interviron os propios autores (Enrique Mauricio e Carlos Taboada) e Jorge Mira, en calidade de Presidente da Comisi\u00f3n Enrique Labarta Pose.<\/p>\n\n\n\n<p>Enrique Mauricio e Carlos Taboada &#8211; autores de \u201cO Poeta da Terra\u201d &#8211; d\u00e9ronlle os parab\u00e9ns ao Concello de Zas pola \u201cs\u00faa aposta pola cultura\u201d e destacaron a importancia que tivo Enrique Labarta Pose as\u00ed como as s\u00faas pegadas. \u201cFoi unha persoa querida e \u00e1 que todos nos gustar\u00eda co\u00f1ecer\u201d, sinalaron.<\/p>\n\n\n\n<figure class=\"wp-block-image\"><img fetchpriority=\"high\" decoding=\"async\" width=\"1024\" height=\"768\" src=\"https:\/\/concellodezas.gal\/wp-content\/uploads\/2024\/10\/presentacion-opoetadaterra-3-1024x768.jpeg\" alt=\"\" class=\"wp-image-18391\" srcset=\"https:\/\/concellodezas.gal\/wp-content\/uploads\/2024\/10\/presentacion-opoetadaterra-3-1024x768.jpeg 1024w, https:\/\/concellodezas.gal\/wp-content\/uploads\/2024\/10\/presentacion-opoetadaterra-3-300x225.jpeg 300w, https:\/\/concellodezas.gal\/wp-content\/uploads\/2024\/10\/presentacion-opoetadaterra-3-768x576.jpeg 768w, https:\/\/concellodezas.gal\/wp-content\/uploads\/2024\/10\/presentacion-opoetadaterra-3-1536x1152.jpeg 1536w, https:\/\/concellodezas.gal\/wp-content\/uploads\/2024\/10\/presentacion-opoetadaterra-3-510x382.jpeg 510w, https:\/\/concellodezas.gal\/wp-content\/uploads\/2024\/10\/presentacion-opoetadaterra-3-1080x810.jpeg 1080w, https:\/\/concellodezas.gal\/wp-content\/uploads\/2024\/10\/presentacion-opoetadaterra-3-1280x960.jpeg 1280w, https:\/\/concellodezas.gal\/wp-content\/uploads\/2024\/10\/presentacion-opoetadaterra-3-980x735.jpeg 980w, https:\/\/concellodezas.gal\/wp-content\/uploads\/2024\/10\/presentacion-opoetadaterra-3-480x360.jpeg 480w, https:\/\/concellodezas.gal\/wp-content\/uploads\/2024\/10\/presentacion-opoetadaterra-3.jpeg 1600w\" sizes=\"(max-width: 1024px) 100vw, 1024px\" \/><\/figure>\n\n\n\n<p><\/p>\n\n\n\n<p>Pola s\u00faa banda, Jorge Mira, en calidade de presidente da Comisi\u00f3n Enrique Labarta Pose, destacou a gran cantidade de actividades que se realizan para reivindicar a figura de Labarta. Para Jorge Mira, a publicaci\u00f3n deste libro \u00e9 unha acci\u00f3n de \u201cgran calidade e de gran proxecci\u00f3n\u201d xa que se Enrique Labarta Pose consigue o seu propio d\u00eda das Letras Galegas chegar\u00e1 \u00e1s mans de centos de nenos e nenas a trav\u00e9s do cal co\u00f1ecer\u00e1n o autor e o lugar onde naceu.<span class=\"Apple-converted-space\">&nbsp;<\/span><\/p>\n\n\n\n<p>Precisamente o Concello de Zas enviar\u00e1 nos vindeiros d\u00edas dous exemplares de \u201cO Poeta da Terra\u201d a cada centro de ensino da Costa da Morte.<\/p>\n\n\n\n<p><b><span class=\"Apple-converted-space\">&nbsp;<\/span>D\u00eda das Letras Galegas<\/b><\/p>\n\n\n\n<p>\u201cAs cousas van acabar ben\u201d, dixo o Alcalde de Zas en referencia a que Labarta te\u00f1a o seu propio d\u00eda das Letras Galegas. De feito, por primeira vez, Enrique Labarta foi candidato para o 2024 ainda que finalmente a Real Academia Galego acordou adicarllo \u00e1s \u201cCantareiras e a poes\u00eda popular\u201d.<\/p>\n\n\n\n<p>\u201cZas \u00e9 terra de cantareiras polo que dende aqu\u00ed aproveitamos a ocasi\u00f3n para ofrecer a nosa colaboraci\u00f3n na organizaci\u00f3n dos actos que realice a Real Academia Galega ao redor desta figura\u201d, sinalou o Alcalde. Mu\u00ed\u00f1o tam\u00e9n recordou que dende o Concello, xunto coa Comisi\u00f3n e outras persoas que investigan a Labarta, est\u00e1 a traballar nos actos da conmemoraci\u00f3n do centerario do seu nacemento, que ser\u00e1 o 13 de maio de 2025.<span class=\"Apple-converted-space\">&nbsp;<\/span><\/p>\n\n\n\n<figure class=\"wp-block-image is-resized\"><img decoding=\"async\" width=\"768\" height=\"1024\" src=\"https:\/\/concellodezas.gal\/wp-content\/uploads\/2024\/10\/presentacion-opoetadaterra-4-768x1024.jpeg\" alt=\"\" class=\"wp-image-18393\" style=\"width:800px;height:auto\" srcset=\"https:\/\/concellodezas.gal\/wp-content\/uploads\/2024\/10\/presentacion-opoetadaterra-4-768x1024.jpeg 768w, https:\/\/concellodezas.gal\/wp-content\/uploads\/2024\/10\/presentacion-opoetadaterra-4-225x300.jpeg 225w, https:\/\/concellodezas.gal\/wp-content\/uploads\/2024\/10\/presentacion-opoetadaterra-4-1152x1536.jpeg 1152w, https:\/\/concellodezas.gal\/wp-content\/uploads\/2024\/10\/presentacion-opoetadaterra-4-1080x1440.jpeg 1080w, https:\/\/concellodezas.gal\/wp-content\/uploads\/2024\/10\/presentacion-opoetadaterra-4-980x1307.jpeg 980w, https:\/\/concellodezas.gal\/wp-content\/uploads\/2024\/10\/presentacion-opoetadaterra-4-480x640.jpeg 480w, https:\/\/concellodezas.gal\/wp-content\/uploads\/2024\/10\/presentacion-opoetadaterra-4.jpeg 1200w\" sizes=\"(max-width: 768px) 100vw, 768px\" \/><\/figure>\n\n\n\n<p><\/p>\n\n\n\n<p>&nbsp;<\/p>\n","protected":false},"excerpt":{"rendered":"<p>Foi nun acto que tivo lugar esta tarde no Auditorio de Baio<\/p>\n","protected":false},"author":5,"featured_media":18388,"comment_status":"open","ping_status":"closed","sticky":false,"template":"","format":"standard","meta":{"slim_seo":{"title":"O Concello de Zas presenta \u201cO Poeta da Terra\u201d, o primeiro libro infantil adicado a Enrique Labarta Pose - Concello de Zas","description":"Foi nun acto que tivo lugar esta tarde no Auditorio de Baio"},"footnotes":""},"categories":[10],"tags":[],"class_list":["post-18387","post","type-post","status-publish","format-standard","has-post-thumbnail","hentry","category-concello"],"_links":{"self":[{"href":"https:\/\/concellodezas.gal\/es\/wp-json\/wp\/v2\/posts\/18387","targetHints":{"allow":["GET"]}}],"collection":[{"href":"https:\/\/concellodezas.gal\/es\/wp-json\/wp\/v2\/posts"}],"about":[{"href":"https:\/\/concellodezas.gal\/es\/wp-json\/wp\/v2\/types\/post"}],"author":[{"embeddable":true,"href":"https:\/\/concellodezas.gal\/es\/wp-json\/wp\/v2\/users\/5"}],"replies":[{"embeddable":true,"href":"https:\/\/concellodezas.gal\/es\/wp-json\/wp\/v2\/comments?post=18387"}],"version-history":[{"count":1,"href":"https:\/\/concellodezas.gal\/es\/wp-json\/wp\/v2\/posts\/18387\/revisions"}],"predecessor-version":[{"id":29059,"href":"https:\/\/concellodezas.gal\/es\/wp-json\/wp\/v2\/posts\/18387\/revisions\/29059"}],"wp:featuredmedia":[{"embeddable":true,"href":"https:\/\/concellodezas.gal\/es\/wp-json\/wp\/v2\/media\/18388"}],"wp:attachment":[{"href":"https:\/\/concellodezas.gal\/es\/wp-json\/wp\/v2\/media?parent=18387"}],"wp:term":[{"taxonomy":"category","embeddable":true,"href":"https:\/\/concellodezas.gal\/es\/wp-json\/wp\/v2\/categories?post=18387"},{"taxonomy":"post_tag","embeddable":true,"href":"https:\/\/concellodezas.gal\/es\/wp-json\/wp\/v2\/tags?post=18387"}],"curies":[{"name":"wp","href":"https:\/\/api.w.org\/{rel}","templated":true}]}}