{"id":15891,"date":"2024-06-09T23:09:37","date_gmt":"2024-06-09T21:09:37","guid":{"rendered":"https:\/\/concellodezas.org\/?p=15891"},"modified":"2025-12-22T16:47:17","modified_gmt":"2025-12-22T15:47:17","slug":"mana-abrese-o-prazo-para-anotarse-nas-actividades-de-veran-dirixidas-a-rapazada","status":"publish","type":"post","link":"https:\/\/concellodezas.gal\/es\/mana-abrese-o-prazo-para-anotarse-nas-actividades-de-veran-dirixidas-a-rapazada\/","title":{"rendered":"Ma\u00f1\u00e1 \u00e1brese o prazo para anotarse nas actividades de ver\u00e1n dirixidas \u00e1 rapazada"},"content":{"rendered":"<p>&nbsp;<\/p>\n<p>A partir de ma\u00f1\u00e1, d\u00eda 10, e ata o 20 de xu\u00f1o est\u00e1 aberto o prazo para inscribirse nas diferentes <b>actividades de ver\u00e1n <\/b>dirixidas \u00e1 rapazada e que est\u00e1n organizadas polo Concello de Zas. Detall\u00e1molas todas a continuaci\u00f3n:<\/p>\n<p><b>Campus de f\u00fatbol CD Concello de Zas<\/b><\/p>\n<p>Do 1 ao 12 de xullo realizaremos d\u00faas quendas; unha do 1 ao 5 de xullo para os nen@s nacidos entre o 2019 e o 2015 e outra para os nen@s nacidos entre o 2014 e 2010. Nas diferentes xornadas adestrar\u00e1n, realizar\u00e1n diversos xogos, aprender\u00e1n t\u00e9cnicas e far\u00e1n distintas competici\u00f3ns fomentando en todo momento a deportividade. O prezo \u00e9 de 30\u20ac por nen@ e incl\u00fae camiseta conmemorativa, merenda saudable e seguro de accidentes.<\/p>\n<p>Os nenos e nenas interesados poden anotarse do 10 ao 28 de xu\u00f1o no 981 751 398 (CSC de Zas) ou no 627 755 016 (Emilio)<\/p>\n<p><b>Escola de Pesca<\/b><\/p>\n<p>Os nenos e nenas de entre 7 e 16 anos pode asistir a unha xornada de aprendizaxe en pesca, dirixida por David Arcay, que se realizar\u00e1 o 5 de xullo no Couto de Baio. As inscrici\u00f3ns son de balde e p\u00f3dense realizar no enderezo electr\u00f3nico <a href=\"mailto:federacion@fgpesca.org\">federacion@fgpesca.org<\/a> indicando nome, apelidos e idade d@ nen@.<\/p>\n<p><b>DeporCampus<\/b><\/p>\n<p>O Campo Municipal Platas Reinoso de Baio acolle do 29 de xullo ao 2 de agosto unha nova edici\u00f3n do DeporCampus Cabreiroa. Ser\u00e1 de 10:00 a 14:00 horas e ter\u00e1 un custo especial de 105\u20ac para os nenos e nenas que forman parte do CD Concello de Zas.<\/p>\n<p>As inscrici\u00f3ns poden realizarse a trav\u00e9s a trav\u00e9s da seguinte ligaz\u00f3n: <a href=\"https:\/\/deporcampus.rcdeportivo.es\/es\/zas-2024\/inicio\">https:\/\/deporcampus.rcdeportivo.es\/es\/zas-2024\/inicio<\/a><\/p>\n<p><b>Campamentos de ver\u00e1n<\/b><\/p>\n<p>Ao igual que nos \u00faltimos anos teremos dende finais do mes de xu\u00f1o, e durante os meses de xullo e agosto os campamentos de ver\u00e1n destinados a contribu\u00edr \u00e1 conciliaci\u00f3n laboral e familiar da nosa veci\u00f1anza. Realizaremos catro quendas en horario de 10:00 a 14:00 horas e est\u00e1n dirixidadas a nenos e nenas de 3 a 12 anos. O prezo \u00e9 de 15\u20ac por nen@ e ter\u00e1n preferencia os empadroad@s e alumnos dos centros escolares do Concello de Zas. A maiores tam\u00e9n se ofertar\u00e1 o servizo de madrugadores (de 08:30 a 10:00 horas) que ter\u00e1 un custe adicional de 10\u20ac\/nen@. Estas son as datas das diferentes quendas:<\/p>\n<ul>\n<li>Do 25 de xu\u00f1o ao 9 de xullo<\/li>\n<li>Do 11 ao 30 de xullo<\/li>\n<li>Do 31 de xullo ao 14 de agosto<\/li>\n<li>Do 16 ao 30 de agosto<\/li>\n<\/ul>\n<p>M\u00e1is informaci\u00f3n e inscrici\u00f3ns do 10 ao 20 de xu\u00f1o no 981 751 398 (CSC de Zas) ou no 981 718 056 (CSC de Baio).<span class=\"Apple-converted-space\">\u00a0<\/span><\/p>\n<p>Unha vez pechado o periodo de inscrici\u00f3ns, o persoal municipal po\u00f1erase en contacto coas familias para o pago das tasas<span class=\"Apple-converted-space\">\u00a0<\/span><\/p>\n","protected":false},"excerpt":{"rendered":"<p>Ademais de campus de f\u00fatbol, haber\u00e1 catro quendas de campamentos nas Torres do Allo dirixidas a nenos e nenas de entre 3 e 12 anos <\/p>\n","protected":false},"author":5,"featured_media":15892,"comment_status":"open","ping_status":"closed","sticky":false,"template":"","format":"standard","meta":{"slim_seo":{"title":"Ma\u00f1\u00e1 \u00e1brese o prazo para anotarse nas actividades de ver\u00e1n dirixidas \u00e1 rapazada - Concello de Zas","description":"Ademais de campus de f\u00fatbol, haber\u00e1 catro quendas de campamentos nas Torres do Allo dirixidas a nenos e nenas de entre 3 e 12 anos"},"footnotes":""},"categories":[10],"tags":[],"class_list":["post-15891","post","type-post","status-publish","format-standard","has-post-thumbnail","hentry","category-concello"],"_links":{"self":[{"href":"https:\/\/concellodezas.gal\/es\/wp-json\/wp\/v2\/posts\/15891","targetHints":{"allow":["GET"]}}],"collection":[{"href":"https:\/\/concellodezas.gal\/es\/wp-json\/wp\/v2\/posts"}],"about":[{"href":"https:\/\/concellodezas.gal\/es\/wp-json\/wp\/v2\/types\/post"}],"author":[{"embeddable":true,"href":"https:\/\/concellodezas.gal\/es\/wp-json\/wp\/v2\/users\/5"}],"replies":[{"embeddable":true,"href":"https:\/\/concellodezas.gal\/es\/wp-json\/wp\/v2\/comments?post=15891"}],"version-history":[{"count":1,"href":"https:\/\/concellodezas.gal\/es\/wp-json\/wp\/v2\/posts\/15891\/revisions"}],"predecessor-version":[{"id":29081,"href":"https:\/\/concellodezas.gal\/es\/wp-json\/wp\/v2\/posts\/15891\/revisions\/29081"}],"wp:featuredmedia":[{"embeddable":true,"href":"https:\/\/concellodezas.gal\/es\/wp-json\/wp\/v2\/media\/15892"}],"wp:attachment":[{"href":"https:\/\/concellodezas.gal\/es\/wp-json\/wp\/v2\/media?parent=15891"}],"wp:term":[{"taxonomy":"category","embeddable":true,"href":"https:\/\/concellodezas.gal\/es\/wp-json\/wp\/v2\/categories?post=15891"},{"taxonomy":"post_tag","embeddable":true,"href":"https:\/\/concellodezas.gal\/es\/wp-json\/wp\/v2\/tags?post=15891"}],"curies":[{"name":"wp","href":"https:\/\/api.w.org\/{rel}","templated":true}]}}