{"id":12847,"date":"2023-11-24T16:13:58","date_gmt":"2023-11-24T15:13:58","guid":{"rendered":"https:\/\/concellodezas.org\/?p=12847"},"modified":"2025-12-22T16:47:20","modified_gmt":"2025-12-22T15:47:20","slug":"o-concello-de-zas-esixelle-a-telefonica-que-complete-o-despregue-da-banda-ancha-en-todo-o-municipio","status":"publish","type":"post","link":"https:\/\/concellodezas.gal\/es\/o-concello-de-zas-esixelle-a-telefonica-que-complete-o-despregue-da-banda-ancha-en-todo-o-municipio\/","title":{"rendered":"O Concello de Zas es\u00edxelle a Telef\u00f3nica que complete o despregue da banda ancha en todo o municipio"},"content":{"rendered":"<p>\u201cAcabousenos a paciencia polo que comezaremos a realizar mobilizaci\u00f3ns para que Telef\u00f3nica complete o antes posible o despregue da banda ancha en todo o municipio\u201d. Estas foron as palabras pronunciadas polo Alcalde de Zas, Manuel Mu\u00ed\u00f1o Espasand\u00edn, despois do encontro que mantivo esta ma\u00f1\u00e1 con veci\u00f1os e veci\u00f1as da parroquia de Mu\u00ed\u00f1o que ve\u00f1en de recoller firmas unhas 200 firmas entre a veci\u00f1anza da parroquia para reclamar a instalaci\u00f3n da fibra \u00f3ptica. Estas sinaturas presentaranse agora ante a sede de Tel\u00e9fonica na Coru\u00f1a e conv\u00e9rtese nunha das primeiras acci\u00f3ns para acelerar o proceso do despregue da banda ancha en todo o municipio que leva meses de retraso.<\/p>\n<p>Precisamente onte pola ma\u00f1\u00e1, o Alcalde mantivo unha reuni\u00f3n coa Subdelegada do Goberno na Coru\u00f1a, Mar\u00eda Rivas, quen manifestou o compromiso do Goberno central a trav\u00e9s dos Fondos do Plan de Recuperaci\u00f3n, Transformaci\u00f3n e Resilencia para a posta en marcha deste Plan \u00danico tanto na adxudicaci\u00f3n do Plan 2022 como no 2023 no que se contemplan as actuaci\u00f3ns dentro do Concello de Zas.<\/p>\n<p>Ao encontro de onte tam\u00e9n asistiron representantes da empresa Rede Aberta, adxudicataria do Plan \u00danico 2022, e un veci\u00f1o da parroquia de Mu\u00ed\u00f1o. Segundo explicaron na reuni\u00f3n, Rede Aberta ten o compromiso de levar a banda ancha por toda a provincia da Coru\u00f1a antes do ano 2025. Esta empresa usa as infraestructuras de Telef\u00f3nica para facer o despregue da banda ancha en toda a provincia co fin de levala a maior parte posible de n\u00facleos de poboaci\u00f3n. Actualmente estanse a realizar os traballos seguindo as instalaci\u00f3ns colocadas ao longo da AC-552 e est\u00e1 previsto que nos pr\u00f3ximos meses cheguen os traballos a Baio quedando instalada esta conexi\u00f3n en toda a parroquia. Dende aqu\u00ed levar\u00e1n a banda ancha ata o n\u00facleo de Zas para estendela as paroquias de Mu\u00ed\u00f1o e G\u00e1ndara. Segundo os t\u00e9cnicos de Rede Aberta estes traballos estar\u00edan completados o pr\u00f3ximo mes de xu\u00f1o.<span class=\"Apple-converted-space\">\u00a0<\/span><\/p>\n<p><b>Retraso de Telef\u00f3nica<\/b><\/p>\n<p>Telef\u00f3nica \u00e9 a empresa que disp\u00f3n das infraestruturas necesarias para completar o despregue da banda ancha que leva un retraso considerable tanto no noso concello como noutros lim\u00edtrofes. A\u00ednda que Rede Aberta se compromete a levar a conexi\u00f3n a comezos do pr\u00f3ximo ver\u00e1n, para o equipo de Goberno do Concello de Zas este prazo non \u00e9 asumible. Polo que dende o Cocnello de Zas esixir\u00e1selle a Telef\u00f3nica que complete este servizo o antes posible.<span class=\"Apple-converted-space\">\u00a0<\/span><\/p>\n<p>\u201cDespois de m\u00e1is dun ano de reclamaci\u00f3ns, a pasada semana Telef\u00f3nica ampliou a banda no Parque Empresarial do Allo. A\u00ednda as\u00ed levaba m\u00e1is de sete meses sen executar ning\u00fan traballo para dar este servizo a veci\u00f1anza\u201d, sinala Mu\u00ed\u00f1o. Unha das pr\u00f3ximas acci\u00f3ns que se realizar\u00e1 son reuni\u00f3ns coas persoas afectadas para ver cales son as mobilizaci\u00f3ns que se realizar\u00e1n para esixirlle \u00e1 multinacional que complete o despregue en todo o municipio o antes posible. \u201cTemos varios casos nos que unha casa non ten conexi\u00f3n a banda longa a pesar de pasarlle o cable por diante da porta\u201d, indica o rexedor.<span class=\"Apple-converted-space\">\u00a0<\/span><\/p>\n<p>O Concello de Zas sempre mostrou o seu compromiso coas novas tecnolox\u00edas e no seu momento foi un dos municipios pioneiros na instalaci\u00f3n da rede Wimax a trav\u00e9s da cal se conseguiu levar Internet sen cables a maior parte das parroquias do municipio al\u00f3 polo ano 2009.<\/p>\n","protected":false},"excerpt":{"rendered":"<p>Veci\u00f1os e veci\u00f1as de Mu\u00ed\u00f1o reun\u00edronse esta ma\u00f1\u00e1 co Alcalde, Manuel Mu\u00ed\u00f1o, para presentar as case 200 firmas recollidas para reclamar a instalaci\u00f3n da fibra <\/p>\n<p>O rexedor mantivo onte unha reuni\u00f3n coa Subdelagada do Goberno para analizar a situaci\u00f3n na que se encontra o noso municipio<\/p>\n","protected":false},"author":5,"featured_media":12848,"comment_status":"open","ping_status":"closed","sticky":false,"template":"","format":"standard","meta":{"slim_seo":{"title":"O Concello de Zas es\u00edxelle a Telef\u00f3nica que complete o despregue da banda ancha en todo o municipio - Concello de Zas","description":"Veci\u00f1os e veci\u00f1as de Mu\u00ed\u00f1o reun\u00edronse esta ma\u00f1\u00e1 co Alcalde, Manuel Mu\u00ed\u00f1o, para presentar as case 200 firmas recollidas para reclamar a instalaci\u00f3n da fibra O re"},"footnotes":""},"categories":[10],"tags":[],"class_list":["post-12847","post","type-post","status-publish","format-standard","has-post-thumbnail","hentry","category-concello"],"_links":{"self":[{"href":"https:\/\/concellodezas.gal\/es\/wp-json\/wp\/v2\/posts\/12847","targetHints":{"allow":["GET"]}}],"collection":[{"href":"https:\/\/concellodezas.gal\/es\/wp-json\/wp\/v2\/posts"}],"about":[{"href":"https:\/\/concellodezas.gal\/es\/wp-json\/wp\/v2\/types\/post"}],"author":[{"embeddable":true,"href":"https:\/\/concellodezas.gal\/es\/wp-json\/wp\/v2\/users\/5"}],"replies":[{"embeddable":true,"href":"https:\/\/concellodezas.gal\/es\/wp-json\/wp\/v2\/comments?post=12847"}],"version-history":[{"count":1,"href":"https:\/\/concellodezas.gal\/es\/wp-json\/wp\/v2\/posts\/12847\/revisions"}],"predecessor-version":[{"id":29119,"href":"https:\/\/concellodezas.gal\/es\/wp-json\/wp\/v2\/posts\/12847\/revisions\/29119"}],"wp:featuredmedia":[{"embeddable":true,"href":"https:\/\/concellodezas.gal\/es\/wp-json\/wp\/v2\/media\/12848"}],"wp:attachment":[{"href":"https:\/\/concellodezas.gal\/es\/wp-json\/wp\/v2\/media?parent=12847"}],"wp:term":[{"taxonomy":"category","embeddable":true,"href":"https:\/\/concellodezas.gal\/es\/wp-json\/wp\/v2\/categories?post=12847"},{"taxonomy":"post_tag","embeddable":true,"href":"https:\/\/concellodezas.gal\/es\/wp-json\/wp\/v2\/tags?post=12847"}],"curies":[{"name":"wp","href":"https:\/\/api.w.org\/{rel}","templated":true}]}}