{"id":11964,"date":"2023-09-08T01:39:09","date_gmt":"2023-09-07T23:39:09","guid":{"rendered":"https:\/\/concellodezas.org\/?p=11964"},"modified":"2025-12-22T16:47:20","modified_gmt":"2025-12-22T15:47:20","slug":"as-torres-do-allo-acollen-o-vindeiro-16-de-setembro-a-xornada-presente-e-futuro-do-lino","status":"publish","type":"post","link":"https:\/\/concellodezas.gal\/es\/as-torres-do-allo-acollen-o-vindeiro-16-de-setembro-a-xornada-presente-e-futuro-do-lino\/","title":{"rendered":"As Torres do Allo acollen o vindeiro 16 de setembro a xornada \u00abPresente e futuro do li\u00f1o\u00bb"},"content":{"rendered":"<p>&nbsp;<\/p>\n<p>As \u00e1reas de Turismo e Patrimonio da Deputaci\u00f3n da Coru\u00f1a, en colaboraci\u00f3n co Concello de Zas, a Universidade da Coru\u00f1a, e a Asociaci\u00f3n Amigos do Li\u00f1o, organizan a <strong>xornada \u00abPresente e Futuro do Li\u00f1o\u00bb<\/strong> que ter\u00e1 lugar o vindeiro 16 de setembro nos exteriores das Torres do Allo.\u00a0A trav\u00e9s desta xornada pret\u00e9ndese mostrar e valorizar todo o traballo que implica a creaci\u00f3n dunha peza de li\u00f1o artesanal que comprende desde a s\u00faa semente ata converterse nunha peza de vestir.<span class=\"Apple-converted-space\">\u00a0E para iso estase a organizar un evento no que se misturan os co\u00f1ecementos, m\u00fasica, un desfile, unha exposici\u00f3n e unha degustaci\u00f3n. <\/span><\/p>\n<p><span class=\"Apple-converted-space\">As\u00ed o detallaron na presentaci\u00f3n do evento que tivo lugar onte pola ma\u00f1\u00e1 nas Torres do Allo e na que interviron \u00a0Carmen Riveiro, da Asociaci\u00f3n Amigos do Li\u00f1o; o Vicepresidente da Deputaci\u00f3n da Coru\u00f1a, Xos\u00e9 Regueira; o Alcalde de Zas, Manuel Mu\u00ed\u00f1o; o deputado de Patrimonio e Contrataci\u00f3n, Xos\u00e9 Penas; e o vicedirector d<\/span><span class=\"Apple-converted-space\">a Fundaci\u00f3n de la USC, Braulio P\u00e9rez Astray.<\/span><\/p>\n<p>Carmen Riveiro explicou que con estas xornadas douselle un novo formato \u00e1 tradicional \u00abcomida da f\u00eda\u00bb, na que se inclu\u00edu unha parte divulgativa e que nesta edici\u00f3n (\u00e9 o segundo ano que se celebra con este novo formato) haber\u00e1 d\u00faas conferencias; unha sobre \u00abModa e sostibilidade\u00bb e outra sobre \u00abO li\u00f1o na historia da arte\u00bb, que impartir\u00e1n dous profesores da Universidade da Coru\u00f1a. Grazas \u00e1 implicaci\u00f3n da Universidade da Coru\u00f1a na organizaci\u00f3n destas xornadas, o li\u00f1o ser\u00e1 unha das tem\u00e1ticas que trate o alumando que se est\u00e1 a formar sobre a moda na universidade coru\u00f1esa.<\/p>\n<p>Durante a xornada, que comeza \u00e1s 11:00 horas, haber\u00e1 un desfile con diferentes pezas confecionadas en li\u00f1o, un concerto ofrecido pola vimiancesa Tania Caama\u00f1o e a degustaci\u00f3n dalg\u00fans dos pratos t\u00edpicos das tradicionais comidas da f\u00eda como o bacalao, empanadas, troita ou arroz con leite. Toda a xornada estar\u00e1 presentada por Jorge Mira.\u00a0Xos\u00e9 Luis Penas, deputado de Contrataci\u00f3n e Patrimonio, destacou que todo o traballo que agocha o li\u00f1o p\u00f3dese converter nun \u00abeixo de transformaci\u00f3n social\u00bb. Mentras que Xos\u00e9 Regueira, Vicepresidente e responsable de Turismo na Deputaci\u00f3n da Coru\u00f1a\u00bb destacou o peso que ten a artesan\u00eda dentro do turismo sostible\u00bb. As\u00ed mismo suli\u00f1ou que \u00e9 importante recuperar a artesan\u00eda dentro do sector da restauraci\u00f3n con pezas de li\u00f1o, encaixe e oleir\u00eda.\u00a0Pola s\u00faa banda, o Alcalde de Zas, Manuel Mu\u00ed\u00f1o mostrou a s\u00faa satisfaci\u00f3n por elixir as Torres do Allo para a celebraci\u00f3n deste evento e que lle d\u00e1 a oportunidade de descubrir os exteriores do pazo aos asistentes.<\/p>\n<p><strong>Inscrici\u00f3ns<\/strong><\/p>\n<p>A xornda est\u00e1 aberta a todas aquelas persoas interesadas e para asistir \u00e9 necesario anotarse previamente no Centro Sociocultural de Baio (981 718 056) ou a trav\u00e9s do formulario https:\/\/bit.ly\/xornadalino<\/p>\n<p><img fetchpriority=\"high\" decoding=\"async\" class=\"alignnone wp-image-11969 size-large\" src=\"https:\/\/concellodezas.gal\/wp-content\/uploads\/2023\/09\/xornada-presente-futuro-lino-724x1024.jpeg\" alt=\"\" width=\"724\" height=\"1024\" srcset=\"https:\/\/concellodezas.gal\/wp-content\/uploads\/2023\/09\/xornada-presente-futuro-lino-724x1024.jpeg 724w, https:\/\/concellodezas.gal\/wp-content\/uploads\/2023\/09\/xornada-presente-futuro-lino-212x300.jpeg 212w, https:\/\/concellodezas.gal\/wp-content\/uploads\/2023\/09\/xornada-presente-futuro-lino-768x1086.jpeg 768w, https:\/\/concellodezas.gal\/wp-content\/uploads\/2023\/09\/xornada-presente-futuro-lino-1086x1536.jpeg 1086w, https:\/\/concellodezas.gal\/wp-content\/uploads\/2023\/09\/xornada-presente-futuro-lino-1080x1528.jpeg 1080w, https:\/\/concellodezas.gal\/wp-content\/uploads\/2023\/09\/xornada-presente-futuro-lino-980x1386.jpeg 980w, https:\/\/concellodezas.gal\/wp-content\/uploads\/2023\/09\/xornada-presente-futuro-lino-480x679.jpeg 480w, https:\/\/concellodezas.gal\/wp-content\/uploads\/2023\/09\/xornada-presente-futuro-lino.jpeg 1131w\" sizes=\"(max-width: 724px) 100vw, 724px\" \/><\/p>\n<p>&nbsp;<\/p>\n","protected":false},"excerpt":{"rendered":"<p>&nbsp; As \u00e1reas de Turismo e Patrimonio da Deputaci\u00f3n da Coru\u00f1a, en colaboraci\u00f3n co Concello de Zas, a Universidade da Coru\u00f1a, e a Asociaci\u00f3n Amigos do Li\u00f1o, organizan a xornada \u00abPresente e Futuro do Li\u00f1o\u00bb que ter\u00e1 lugar o vindeiro 16 de setembro nos exteriores das Torres do Allo.\u00a0A trav\u00e9s desta xornada pret\u00e9ndese mostrar e [&hellip;]<\/p>\n","protected":false},"author":5,"featured_media":11967,"comment_status":"open","ping_status":"closed","sticky":false,"template":"","format":"standard","meta":{"slim_seo":{"title":"As Torres do Allo acollen o vindeiro 16 de setembro a xornada \"Presente e futuro do li\u00f1o\" - Concello de Zas","description":"&nbsp; As \u00e1reas de Turismo e Patrimonio da Deputaci\u00f3n da Coru\u00f1a, en colaboraci\u00f3n co Concello de Zas, a Universidade da Coru\u00f1a, e a Asociaci\u00f3n Amigos do Li\u00f1o, or"},"footnotes":""},"categories":[10],"tags":[],"class_list":["post-11964","post","type-post","status-publish","format-standard","has-post-thumbnail","hentry","category-concello"],"_links":{"self":[{"href":"https:\/\/concellodezas.gal\/es\/wp-json\/wp\/v2\/posts\/11964","targetHints":{"allow":["GET"]}}],"collection":[{"href":"https:\/\/concellodezas.gal\/es\/wp-json\/wp\/v2\/posts"}],"about":[{"href":"https:\/\/concellodezas.gal\/es\/wp-json\/wp\/v2\/types\/post"}],"author":[{"embeddable":true,"href":"https:\/\/concellodezas.gal\/es\/wp-json\/wp\/v2\/users\/5"}],"replies":[{"embeddable":true,"href":"https:\/\/concellodezas.gal\/es\/wp-json\/wp\/v2\/comments?post=11964"}],"version-history":[{"count":1,"href":"https:\/\/concellodezas.gal\/es\/wp-json\/wp\/v2\/posts\/11964\/revisions"}],"predecessor-version":[{"id":29134,"href":"https:\/\/concellodezas.gal\/es\/wp-json\/wp\/v2\/posts\/11964\/revisions\/29134"}],"wp:featuredmedia":[{"embeddable":true,"href":"https:\/\/concellodezas.gal\/es\/wp-json\/wp\/v2\/media\/11967"}],"wp:attachment":[{"href":"https:\/\/concellodezas.gal\/es\/wp-json\/wp\/v2\/media?parent=11964"}],"wp:term":[{"taxonomy":"category","embeddable":true,"href":"https:\/\/concellodezas.gal\/es\/wp-json\/wp\/v2\/categories?post=11964"},{"taxonomy":"post_tag","embeddable":true,"href":"https:\/\/concellodezas.gal\/es\/wp-json\/wp\/v2\/tags?post=11964"}],"curies":[{"name":"wp","href":"https:\/\/api.w.org\/{rel}","templated":true}]}}