{"id":11908,"date":"2023-08-25T16:29:41","date_gmt":"2023-08-25T14:29:41","guid":{"rendered":"https:\/\/concellodezas.org\/?p=11908"},"modified":"2025-12-22T16:47:21","modified_gmt":"2025-12-22T15:47:21","slug":"o-goberno-municipal-de-zas-expresa-o-seu-apoio-as-reivindicacions-dos-traballadores-do-parque-de-bombeiros-de-santa-comba","status":"publish","type":"post","link":"https:\/\/concellodezas.gal\/es\/o-goberno-municipal-de-zas-expresa-o-seu-apoio-as-reivindicacions-dos-traballadores-do-parque-de-bombeiros-de-santa-comba\/","title":{"rendered":"O goberno municipal de Zas expresa o seu apoio \u00e1s reivindicaci\u00f3ns dos traballadores do Parque de Bombeiros de Santa Comba"},"content":{"rendered":"<p>&nbsp;<\/p>\n<p>Unha parte da plantilla do Parque de Bombeiros de Santa Comba reuniuse na ma\u00f1\u00e1 de onte co Alcalde de Zas, Manuel Mu\u00ed\u00f1o; e co Tenente de Alcalde, Jos\u00e9 Brenlla; para solicitar o apoio do goberno municipal \u00e1s s\u00faas reivindicaci\u00f3ns laborais pola que est\u00e1n, xunto cos profesionais do Parque de Bombeiros de Cee, en folga indefinida. \u201cDende o Concello de Zas instamos \u00e1 Xunta de Galicia a que se senten a negociar as condici\u00f3ns laborais dos traballadores e solucionen o antes posible a situaci\u00f3n co fin de evitar situaci\u00f3ns de alto risco ao estar no momento de maior probabilidade de incencios e velar as\u00ed pola seguridade da veci\u00f1anza\u201d, sinalou o rexedor.<\/p>\n<p>Tal e como expresaron na xuntanza, o colectivo denuncia a falta de medios materiais e de persoal que padecen os Consorcios Provinciais de Incendios e Salvamento. Por este motivo, os profesionais dos parques de bombeiros de Cee e de Santa Comba, xunto con outros de toda a comunidade, secundan dende o pasado mes de xu\u00f1o unha folga indefinida que ten como consecuencia o peche das instalaci\u00f3ns. \u201cEn caso de que o necesitemos ter\u00eda que mobilizarse o equipo do Parque Empresarial de Carballo o cal se ampliar\u00eda de forma considerable o tempo de resposta\u201d, indica Manuel Mu\u00ed\u00f1o. Precisamente recordou que recemente grazas \u00e1 r\u00e1pida actuaci\u00f3n dos bombeiros de Santa Comba evit\u00e1ronse danos maiores nun incendio rexistrado na vila de Baio.<\/p>\n","protected":false},"excerpt":{"rendered":"<p>O Alcalde, Manuel Mu\u00ed\u00f1o; e o Tenente de Alcalde, Jos\u00e9 Brenlla; recibiron onte a parte da plantilla<\/p>\n","protected":false},"author":5,"featured_media":11909,"comment_status":"open","ping_status":"closed","sticky":false,"template":"","format":"standard","meta":{"slim_seo":{"title":"O goberno municipal de Zas expresa o seu apoio \u00e1s reivindicaci\u00f3ns dos traballadores do Parque de Bombeiros de Santa Comba - Concello de Zas","description":"O Alcalde, Manuel Mu\u00ed\u00f1o; e o Tenente de Alcalde, Jos\u00e9 Brenlla; recibiron onte a parte da plantilla"},"footnotes":""},"categories":[10],"tags":[],"class_list":["post-11908","post","type-post","status-publish","format-standard","has-post-thumbnail","hentry","category-concello"],"_links":{"self":[{"href":"https:\/\/concellodezas.gal\/es\/wp-json\/wp\/v2\/posts\/11908","targetHints":{"allow":["GET"]}}],"collection":[{"href":"https:\/\/concellodezas.gal\/es\/wp-json\/wp\/v2\/posts"}],"about":[{"href":"https:\/\/concellodezas.gal\/es\/wp-json\/wp\/v2\/types\/post"}],"author":[{"embeddable":true,"href":"https:\/\/concellodezas.gal\/es\/wp-json\/wp\/v2\/users\/5"}],"replies":[{"embeddable":true,"href":"https:\/\/concellodezas.gal\/es\/wp-json\/wp\/v2\/comments?post=11908"}],"version-history":[{"count":1,"href":"https:\/\/concellodezas.gal\/es\/wp-json\/wp\/v2\/posts\/11908\/revisions"}],"predecessor-version":[{"id":29138,"href":"https:\/\/concellodezas.gal\/es\/wp-json\/wp\/v2\/posts\/11908\/revisions\/29138"}],"wp:featuredmedia":[{"embeddable":true,"href":"https:\/\/concellodezas.gal\/es\/wp-json\/wp\/v2\/media\/11909"}],"wp:attachment":[{"href":"https:\/\/concellodezas.gal\/es\/wp-json\/wp\/v2\/media?parent=11908"}],"wp:term":[{"taxonomy":"category","embeddable":true,"href":"https:\/\/concellodezas.gal\/es\/wp-json\/wp\/v2\/categories?post=11908"},{"taxonomy":"post_tag","embeddable":true,"href":"https:\/\/concellodezas.gal\/es\/wp-json\/wp\/v2\/tags?post=11908"}],"curies":[{"name":"wp","href":"https:\/\/api.w.org\/{rel}","templated":true}]}}