{"id":11689,"date":"2023-06-23T16:35:04","date_gmt":"2023-06-23T14:35:04","guid":{"rendered":"https:\/\/concellodezas.org\/?p=11689"},"modified":"2025-12-22T16:47:21","modified_gmt":"2025-12-22T15:47:21","slug":"campamentos-concertos-deporte-vistas-guiadas-todo-esto-e-moito-mais-na-programacion-deste-veran","status":"publish","type":"post","link":"https:\/\/concellodezas.gal\/es\/campamentos-concertos-deporte-vistas-guiadas-todo-esto-e-moito-mais-na-programacion-deste-veran\/","title":{"rendered":"Campamentos, concertos, deporte, vistas guiadas,\u2026 todo esto e moito m\u00e1is na programaci\u00f3n deste ver\u00e1n"},"content":{"rendered":"<p>&nbsp;<\/p>\n<p>O Concello de Zas v\u00e9n de preparar a trav\u00e9s da s\u00faa \u00e1rea de Cultura un completo <b>programa de ocio e tempo libre <\/b>cargado de actividades culturais e deportivas para diferentes p\u00fablicos e idades que se realizar\u00e1n ao longo dos meses de xullo, agosto e setembro en distintas localizaci\u00f3ns do noso municipio. Debull\u00e1molas todas a continuaci\u00f3n:<\/p>\n<p><b>Campamentos e outras actividades infant\u00eds<\/b><\/p>\n<p>Coma sempre, os m\u00e1is novos son un dos p\u00fablicos protagonistas desta programaci\u00f3n e para eles temos preparadas unha gran cantidade de actividades:<\/p>\n<ul>\n<li><b>Festa Infantil<\/b>: o 1 de xullo \u00e1 tarde celebramos nas inmediaci\u00f3ns do campo de f\u00fatbol e da piscina municipal de Zas a tradicional festa infantil na que haber\u00e1 inchables, tobog\u00e1ns acu\u00e1ticos, festa da escuma,\u2026 Esta \u00e9 unha actividade gratuita dirixida a nenos e nenas de todas as idades do noso municipio<\/li>\n<li><b>Campamentos de ver\u00e1n nas Torres do Allo<\/b>: este luns empezan as diferentes quendas dos campamentos de ver\u00e1n que realizaremos nas Torres do Allo nas que foi necesario ampliar o n\u00famero de participantes por quenda debido \u00e1 alta demanda<\/li>\n<li><b>D\u00e9porCampus<\/b>: do 17 ao 21 xullo volve ao Campo Municipal Platas Reinoso de Baio unha nova edici\u00f3n do D\u00e9porCampus dirixida \u00e1 rapazada de entre 6 e 14 anos<\/li>\n<li><b>Excursi\u00f3n ao Aquapark de Cerceda<\/b>: o 21 de agosto viaxeremos ata o Aquapark de Cerceda. Poder\u00e1n ir todos e todas os\/as nacidos\/as entre o 2005 e o 2014<\/li>\n<li><b>Campamento no camping Os Fieit\u00e1s en O Grove<\/b>: os d\u00edas 23, 24 e 25 de agosto participaremos nun campamento no que realizaremos diferentes actividades acu\u00e1ticas e de aventura no medio natural, escalada, tirolina, bodyboard,\u2026 Nel pode participar os\/as nacidos\/as entre o 2008 e o 2014 e ten un custo de 75\u20ac para os empadroados e de 150\u20ac para os non empadroados. As inscrici\u00f3ns rematan o 7 de xullo<\/li>\n<\/ul>\n<p><b>Visitas guiadas e teatralizadas<\/b><\/p>\n<ul>\n<li><b>Visitas guiadas ao Brandomil Romano<\/b>: todos os venres do mes de xullo faremos unha visita guiada \u00e1 ponte vella de Brandomil e ao xacemento romano. Ser\u00e1 \u00e1s 12:00 horas e para participar \u00e9 necesario anotarse previamente no 981 751 398 ou no 981 718 056<\/li>\n<li><b>Torres do Allo<\/b>: Os domingos de xullo, agosto e o 3 e 10 de setembro \u00e1s 19:30 horas teremos unha visita teatralizada nas Torres do Allo que v\u00e9n da man de Os Quinquill\u00e1ns<\/li>\n<\/ul>\n<p><b>Deportes<\/b><\/p>\n<ul>\n<li><b>Cursos de nataci\u00f3n<\/b> para todas as idades nas piscinas municipais de Zas e de Baio<\/li>\n<li><b>Trail Nocturno Cova do Lobo<\/b>: s\u00e1bado, 19 de agosto, a partir das 20:00 horas con distintas probas: pequetrail, trail e andaina<\/li>\n<li><b>Campamentos Multideportes<\/b>:\u00a0nos que os participantes realizar\u00e1n diferentes actividades deportivas e que est\u00e1n dirixidos aos nacidos e nacidas entre o 2010 e o 2017. Haber\u00e1 d\u00faas quendas; unha do 3 ao 7 de xullo no polideportivo de Baio, e outra do 10 ao 14 de xullo no polideportivo de Zas<\/li>\n<\/ul>\n<p><b>Teatro<\/b><\/p>\n<ul>\n<li><b>Clausura da Escola Municipal de Teatro de Adultos<\/b>: O venres 7<span class=\"Apple-converted-space\">\u00a0 <\/span>de xullo \u00e1s 21:30 horas o Auditorio de Baio acolle a clausura da Escola Municipal de Teatro de Adultos<\/li>\n<li><b>\u201cA g\u00e1rgala no rural. Un mundo de m\u00fasica, arte, teatro e tradici\u00f3n\u201d<\/b>: A Xanela do Max\u00edn ofreceranos o s\u00e1bado 8 de xullo \u00e1s 19:00 horas nas Torres do Allo este espect\u00e1culo<span class=\"Apple-converted-space\">\u00a0<\/span><\/li>\n<\/ul>\n<p><b>M\u00fasica, contos e circo<\/b><\/p>\n<ul>\n<li>As Torres do Allo acoller\u00e1n o 14 de xullo \u00e1s 20:00 horas un concerto musical ofrecido por <b>Tania Caama\u00f1o e Andr\u00e9s Boutureira<\/b> dirixido ao p\u00fablico xeral e familiar<\/li>\n<li><b>Habela Hainas<\/b> daranos o 22 de xullo \u00e1s 22:00 horas un concerto na contorna da Ponte de Brandomil<\/li>\n<li><b>\u201cMalabarabilidades\u201d <\/b>\u00e9 o nome do espect\u00e1culo de circo que nos ofrecer\u00e1 Fran Boza o 5 de agosto \u00e1s 20:00 horas en Fornelos<\/li>\n<li>O s\u00e1bado 19 de agosto, \u00e1s 20:00 horas, <b>Mar\u00eda da Pontragha<\/b> traeranos os seus contos \u00e1s Torres do Allo<\/li>\n<li><b>Caxoto<\/b> ofreceranos un espect\u00e1culo de contos para o p\u00fablico familia o venres, 25 de agosto, \u00e1s 20:00 horas nas Torres do Allo<\/li>\n<\/ul>\n<p><b>M\u00e1is actividades<\/b><\/p>\n<ul>\n<li><b>Scape Room <\/b>nas Torres do Allo. P\u00fablico adulto<\/li>\n<li>Con motivo da 38\u00aa Festa da Carballeira de Zas celebraremos unha intensa<b> Semana Cultural <\/b>con actividades para todos os veci\u00f1os e veci\u00f1a<\/li>\n<li><b>Mercado de San Ram\u00f3n:<\/b> Como v\u00e9n sendo habitual nos \u00faltimos anos, pecharemos a programaci\u00f3n do ver\u00e1n co tradicional mercado de San Ram\u00f3n que celebraremos o 31 de agosto nas Torres do Allo. Contaremos cun mercado de artesan\u00eda, obradoiros, sesi\u00f3n verm\u00fa con Ail\u00e1 e m\u00fasica infantil da man de Paco Nogueiras<\/li>\n<\/ul>\n","protected":false},"excerpt":{"rendered":"<p>Durante os meses de xullo, agosto  e setembro contaremos cunha ampla oferta cultural e deportiva en distintas localizaci\u00f3ns do noso municipio<\/p>\n","protected":false},"author":5,"featured_media":11690,"comment_status":"open","ping_status":"closed","sticky":false,"template":"","format":"standard","meta":{"slim_seo":{"title":"Campamentos, concertos, deporte, vistas guiadas,\u2026 todo esto e moito m\u00e1is na programaci\u00f3n deste ver\u00e1n - Concello de Zas","description":"Durante os meses de xullo, agosto e setembro contaremos cunha ampla oferta cultural e deportiva en distintas localizaci\u00f3ns do noso municipio"},"footnotes":""},"categories":[10],"tags":[],"class_list":["post-11689","post","type-post","status-publish","format-standard","has-post-thumbnail","hentry","category-concello"],"_links":{"self":[{"href":"https:\/\/concellodezas.gal\/es\/wp-json\/wp\/v2\/posts\/11689","targetHints":{"allow":["GET"]}}],"collection":[{"href":"https:\/\/concellodezas.gal\/es\/wp-json\/wp\/v2\/posts"}],"about":[{"href":"https:\/\/concellodezas.gal\/es\/wp-json\/wp\/v2\/types\/post"}],"author":[{"embeddable":true,"href":"https:\/\/concellodezas.gal\/es\/wp-json\/wp\/v2\/users\/5"}],"replies":[{"embeddable":true,"href":"https:\/\/concellodezas.gal\/es\/wp-json\/wp\/v2\/comments?post=11689"}],"version-history":[{"count":1,"href":"https:\/\/concellodezas.gal\/es\/wp-json\/wp\/v2\/posts\/11689\/revisions"}],"predecessor-version":[{"id":29144,"href":"https:\/\/concellodezas.gal\/es\/wp-json\/wp\/v2\/posts\/11689\/revisions\/29144"}],"wp:featuredmedia":[{"embeddable":true,"href":"https:\/\/concellodezas.gal\/es\/wp-json\/wp\/v2\/media\/11690"}],"wp:attachment":[{"href":"https:\/\/concellodezas.gal\/es\/wp-json\/wp\/v2\/media?parent=11689"}],"wp:term":[{"taxonomy":"category","embeddable":true,"href":"https:\/\/concellodezas.gal\/es\/wp-json\/wp\/v2\/categories?post=11689"},{"taxonomy":"post_tag","embeddable":true,"href":"https:\/\/concellodezas.gal\/es\/wp-json\/wp\/v2\/tags?post=11689"}],"curies":[{"name":"wp","href":"https:\/\/api.w.org\/{rel}","templated":true}]}}