{"id":11288,"date":"2023-05-03T12:04:23","date_gmt":"2023-05-03T10:04:23","guid":{"rendered":"https:\/\/concellodezas.org\/?p=11288"},"modified":"2025-12-22T16:47:22","modified_gmt":"2025-12-22T15:47:22","slug":"xa-estan-aqui-as-actividades-do-programa-maio-mes-das-letras-co-que-conmemoramos-o-dia-das-letras-galegas","status":"publish","type":"post","link":"https:\/\/concellodezas.gal\/es\/xa-estan-aqui-as-actividades-do-programa-maio-mes-das-letras-co-que-conmemoramos-o-dia-das-letras-galegas\/","title":{"rendered":"Xa est\u00e1n aqu\u00ed as actividades do programa \u201cMaio, mes das letras\u201d co que conmemoramos o D\u00eda das Letras Galegas"},"content":{"rendered":"<p>O Concello de Zas, a trav\u00e9s do seu departamento de Cultura, v\u00e9n de dar a co\u00f1ecer as actividades do tradicional <b>programa \u201cMaio, mes das letras\u201d<\/b> co que conmemoramos o D\u00eda das Letras Galegas que este ano est\u00e1 adicado a Francicos Fern\u00e1ndez del Riego. A maior parte das propostas est\u00e1n dirixidas ao p\u00fablico en idade escolar e nas que inclu\u00edmos actuaci\u00f3ns musicais, contacontos e teatro<\/p>\n<ul>\n<li>11 de maio: <b>\u201cContos para caghar patatillas\u201d<\/b>: As actividades do programa \u201cMaio, mes das letras\u201d comezan o 11 de maio cunha funci\u00f3n escolar que nos trae Brais das Hortas ao Auditorio do Concello \u00e1s 10:30 horas.<span class=\"Apple-converted-space\">\u00a0<\/span><\/li>\n<li>17 de maio: Dobre sesi\u00f3n de teatro no Auditorio de Baio a partir das 18:00 horas co Grupo ELAS Teatro do IES Maximino Romero de Lema que nos interpretar\u00e1n \u201c<b>O partido\u201d<\/b> e co Grupo de Teatro de 4\u00ba de EP do CEIP Labarta Pose que representar\u00e1n <b>\u201cO trasplante de coraz\u00f3n\u201d<\/b><\/li>\n<li>19 de maio: Brais das Hortas volve ao Auditorio de Baio, \u00e1s 12:30 horas, cos seus<b> \u201cContos para caghar patatillas\u201d.<span class=\"Apple-converted-space\">\u00a0<\/span><\/b><\/li>\n<li>19 de maio: A formaci\u00f3n Abril leva o seu espect\u00e1culo de <b>\u201cM\u00fasica folk\u201d<\/b> ao IES Maximino Romero de Lema. A funci\u00f3n, dirixida ao alumnado da ESO e de Bacharelato, comeza \u00e1s 12:45 horas<\/li>\n<li>29 e 30 de maio: Os rati\u00f1os de Trinke Trinke Teatro trean \u00e1 Axencia de Lectura de Baio o seu <b>contacontos infantil \u201cViaxe a Brasil\u201d<\/b> co que, ademais de facernos pasar un anaco moi divertido, fomentan a animaci\u00f3n \u00e1 lectura. Est\u00e1 dirixido ao p\u00fablico infantil e familiar e comeza \u00e1s 18:00 horas. Ao d\u00eda seguinte, o 30 de maio, repiten a funci\u00f3n na Biblioteca Municipal de Zas<\/li>\n<\/ul>\n<p>Durante o mes de maio contin\u00faa a<b> VI Mostra de Teatro Afeccionado Labarta Pose<\/b> coas seguintes representaci\u00f3ns:<\/p>\n<ul>\n<li>6 de maio: A compa\u00f1\u00eda Fauna 113 representa \u00e1s 21:00 horas no Auditorio de Zas a s\u00faa obra <b>\u201cOs veci\u00f1os do lado\u201d<\/b><\/li>\n<li>13 de maio: O Auditorio de Baio acolle \u00e1s 21:00 horas a representaci\u00f3n da obra de teatro <b>\u201cA pena do cu do mundo\u201d<\/b> de Carrachanacacha do Aturuxo de Melp\u00f3mene<\/li>\n<li>20 de maio: O Auditorio de Zas acolle \u00e1s 18:00 horas a <b>Clausura da Escola de Teatro Inantil do Concello de Zas<\/b> e a <b>entrega de premios da VI Mostra de Teatro Afeccionado Labarta Pose<\/b><\/li>\n<\/ul>\n<p><b>XIV Concurso de marcap\u00e1xinas<\/b><\/p>\n<p>E como v\u00e9n sendo habitual por estas datas, as Bibliotecas municipais e o Concello de Zas convocan o XIV Concurso de Marcap\u00e1xinas co que nos sumamos aos actos de homenaxe a Francisco Fern\u00e1ndez del Riego.<span class=\"Apple-converted-space\">\u00a0<\/span><\/p>\n<p>O D\u00eda das Letras Galegas \u00e9 o tema obrigatorio deste certame no que poden participar as alumnas e os alumnos dos tres centros escolares do noso municipio. Haber\u00e1 tres categor\u00edas (ata os 5 anos, de 1\u00ba a 5\u00ba de Primaria e de 6\u00ba de Primaria a 4\u00ba da ESO) e outorgaranse dous premios para cada unha delas dotados dun lote de libros. A praza l\u00edmite para presentar os traballos \u00e9 o 19 de maio.<\/p>\n<p>Os marcap\u00e1xinas premiados empregaranse na Biblioteca Municipal de Zas e na Axencia de Lectura de Baio acompa\u00f1ando a cada libro que se preste at\u00e9 o D\u00eda das Letras Galegas do ano 2024. As bases completas do certame poden consultarse na seguinte ligaz\u00f3n.<span class=\"Apple-converted-space\">\u00a0<\/span><\/p>\n","protected":false},"excerpt":{"rendered":"<p>Ademais de diferentes propostas culturais ao longo de todo o mes, as Bibliotecas Municipais e o Concello de Zas convocan o XIV Concurso de Marcap\u00e1xinas<\/p>\n","protected":false},"author":5,"featured_media":11293,"comment_status":"open","ping_status":"closed","sticky":false,"template":"","format":"standard","meta":{"slim_seo":{"title":"Xa est\u00e1n aqu\u00ed as actividades do programa \u201cMaio, mes das letras\u201d co que conmemoramos o D\u00eda das Letras Galegas - Concello de Zas","description":"Ademais de diferentes propostas culturais ao longo de todo o mes, as Bibliotecas Municipais e o Concello de Zas convocan o XIV Concurso de Marcap\u00e1xinas"},"footnotes":""},"categories":[10],"tags":[],"class_list":["post-11288","post","type-post","status-publish","format-standard","has-post-thumbnail","hentry","category-concello"],"_links":{"self":[{"href":"https:\/\/concellodezas.gal\/es\/wp-json\/wp\/v2\/posts\/11288","targetHints":{"allow":["GET"]}}],"collection":[{"href":"https:\/\/concellodezas.gal\/es\/wp-json\/wp\/v2\/posts"}],"about":[{"href":"https:\/\/concellodezas.gal\/es\/wp-json\/wp\/v2\/types\/post"}],"author":[{"embeddable":true,"href":"https:\/\/concellodezas.gal\/es\/wp-json\/wp\/v2\/users\/5"}],"replies":[{"embeddable":true,"href":"https:\/\/concellodezas.gal\/es\/wp-json\/wp\/v2\/comments?post=11288"}],"version-history":[{"count":1,"href":"https:\/\/concellodezas.gal\/es\/wp-json\/wp\/v2\/posts\/11288\/revisions"}],"predecessor-version":[{"id":29160,"href":"https:\/\/concellodezas.gal\/es\/wp-json\/wp\/v2\/posts\/11288\/revisions\/29160"}],"wp:featuredmedia":[{"embeddable":true,"href":"https:\/\/concellodezas.gal\/es\/wp-json\/wp\/v2\/media\/11293"}],"wp:attachment":[{"href":"https:\/\/concellodezas.gal\/es\/wp-json\/wp\/v2\/media?parent=11288"}],"wp:term":[{"taxonomy":"category","embeddable":true,"href":"https:\/\/concellodezas.gal\/es\/wp-json\/wp\/v2\/categories?post=11288"},{"taxonomy":"post_tag","embeddable":true,"href":"https:\/\/concellodezas.gal\/es\/wp-json\/wp\/v2\/tags?post=11288"}],"curies":[{"name":"wp","href":"https:\/\/api.w.org\/{rel}","templated":true}]}}