{"id":10850,"date":"2023-03-03T15:49:59","date_gmt":"2023-03-03T14:49:59","guid":{"rendered":"https:\/\/concellodezas.org\/?p=10850"},"modified":"2025-12-22T16:47:23","modified_gmt":"2025-12-22T15:47:23","slug":"nas-proximas-semanas-xa-se-poderan-visitar-os-restos-arqueoloxicos-achados-na-pedra-do-altar-en-brandomil","status":"publish","type":"post","link":"https:\/\/concellodezas.gal\/es\/nas-proximas-semanas-xa-se-poderan-visitar-os-restos-arqueoloxicos-achados-na-pedra-do-altar-en-brandomil\/","title":{"rendered":"Nas pr\u00f3ximas semanas xa se poder\u00e1n visitar os restos arqueol\u00f3xicos achados na Pedra do Altar, en Brandomil"},"content":{"rendered":"<p>Nas pr\u00f3ximas semanas quedar\u00e1n ao descuberto para a s\u00faa visita as escavaci\u00f3ns arqueol\u00f3xicas realizadas nos \u00faltimos meses na finca da <b>Pedra do Altar, en Brandomil<\/b>, nas que se descubriron varias estruturas altoimperiais do s\u00e9culo I da nosa Era entre as que se atopan unha V\u00eda Romana, unha construci\u00f3n con tres estancias e un pavimento que probablemente se corresponda cunha praza ou unha r\u00faa da \u00e9poca.<\/p>\n<p>Precisamente esta semana, o equipo de arque\u00f3logos, dirixidos por Lino Gorgoso, retomou os traballos de consolidaci\u00f3n e protecci\u00f3n temporal dos restos propostos polo Concello de Zas despois de recibirse a autorizaci\u00f3n por parte da Direcci\u00f3n Xeral do Patrimonio Cultural. O Concello de Zas presentou o 14 de decembro do 2022 a proposta de conservaci\u00f3n e protecci\u00f3n da zona na que se contempla unha intervenci\u00f3n m\u00ednima co fin de continuar coas escavaci\u00f3ns nun futuro pr\u00f3ximo.<\/p>\n<p>As tarefas que se est\u00e1n a realizar consisten na limpeza da parcela escavada, duns 155 m2, e no peche da mesma co fin de consolidar e protexer as estruturas dos muros e chans das edificaci\u00f3ns exhumadas as\u00ed como para o control da auga sobre a zona escavada. Ademais, acondicionarase unha zona de aparcadoiro. Ata al\u00ed achegouse onte o Alcalde de Zas, Manuel Mu\u00ed\u00f1o.<\/p>\n<p>Todos traballos realizados ata o momento est\u00e1n financiados polo Concello de Zas despois de que asinara un convenio de colaboraci\u00f3n coa Fundaci\u00f3n Brandomil, propietaria do terreo. Esta \u00e9 unha nova iniciativa posta en marcha polo equipo de goberno municipal co fin de conservar e po\u00f1er en valor a riqueza patrimonial do Concello de Zas.<span class=\"Apple-converted-space\">\u00a0<\/span><\/p>\n","protected":false},"excerpt":{"rendered":"<p>O equipo de arque\u00f3logos, dirixidos por Lino Gorgoso, retomou os traballos de consolidaci\u00f3n e protecci\u00f3n temporal da zona propostos polo Concello de Zas despois de recibir a pertinente autorizaci\u00f3n da Direcci\u00f3n Xeral do Patrimonio Cultural<\/p>\n","protected":false},"author":5,"featured_media":10851,"comment_status":"open","ping_status":"closed","sticky":false,"template":"","format":"standard","meta":{"slim_seo":{"title":"Nas pr\u00f3ximas semanas xa se poder\u00e1n visitar os restos arqueol\u00f3xicos achados na Pedra do Altar, en Brandomil - Concello de Zas","description":"O equipo de arque\u00f3logos, dirixidos por Lino Gorgoso, retomou os traballos de consolidaci\u00f3n e protecci\u00f3n temporal da zona propostos polo Concello de Zas despois"},"footnotes":""},"categories":[10],"tags":[494,495,493],"class_list":["post-10850","post","type-post","status-publish","format-standard","has-post-thumbnail","hentry","category-concello","tag-arqueoloxia","tag-brandomil","tag-patrimonio"],"_links":{"self":[{"href":"https:\/\/concellodezas.gal\/es\/wp-json\/wp\/v2\/posts\/10850","targetHints":{"allow":["GET"]}}],"collection":[{"href":"https:\/\/concellodezas.gal\/es\/wp-json\/wp\/v2\/posts"}],"about":[{"href":"https:\/\/concellodezas.gal\/es\/wp-json\/wp\/v2\/types\/post"}],"author":[{"embeddable":true,"href":"https:\/\/concellodezas.gal\/es\/wp-json\/wp\/v2\/users\/5"}],"replies":[{"embeddable":true,"href":"https:\/\/concellodezas.gal\/es\/wp-json\/wp\/v2\/comments?post=10850"}],"version-history":[{"count":1,"href":"https:\/\/concellodezas.gal\/es\/wp-json\/wp\/v2\/posts\/10850\/revisions"}],"predecessor-version":[{"id":29177,"href":"https:\/\/concellodezas.gal\/es\/wp-json\/wp\/v2\/posts\/10850\/revisions\/29177"}],"wp:featuredmedia":[{"embeddable":true,"href":"https:\/\/concellodezas.gal\/es\/wp-json\/wp\/v2\/media\/10851"}],"wp:attachment":[{"href":"https:\/\/concellodezas.gal\/es\/wp-json\/wp\/v2\/media?parent=10850"}],"wp:term":[{"taxonomy":"category","embeddable":true,"href":"https:\/\/concellodezas.gal\/es\/wp-json\/wp\/v2\/categories?post=10850"},{"taxonomy":"post_tag","embeddable":true,"href":"https:\/\/concellodezas.gal\/es\/wp-json\/wp\/v2\/tags?post=10850"}],"curies":[{"name":"wp","href":"https:\/\/api.w.org\/{rel}","templated":true}]}}