{"id":9791,"date":"2022-11-24T11:50:12","date_gmt":"2022-11-24T10:50:12","guid":{"rendered":"https:\/\/concellodezas.org\/?p=9791"},"modified":"2025-12-22T16:47:24","modified_gmt":"2025-12-22T15:47:24","slug":"recepcion-no-concello-de-zas-as-campionas-do-mundo-de-bachata-por-parellas","status":"publish","type":"post","link":"https:\/\/concellodezas.gal\/en\/recepcion-no-concello-de-zas-as-campionas-do-mundo-de-bachata-por-parellas\/","title":{"rendered":"Recepci\u00f3n no Concello de Zas as campionas do mundo de bachata por parellas"},"content":{"rendered":"<div>O Alcalde de Zas, Manuel Mu\u00ed\u00f1o; e Pilar Garc\u00eda, Concelleira de Educaci\u00f3n e Promoci\u00f3n Econ\u00f3mica, ofreceron onte pola tarde unha recepci\u00f3n oficial \u00e1s campionas\u00a0do mundo na categor\u00eda j\u00fanior de Bachata por Parellas Alba Mourelle Costa (veci\u00f1a de Baio &#8211; Zas) e \u00e1 s\u00faa compa\u00f1eira de baile Ashley S\u00e1nchez (veci\u00f1a do Concello de Cee).<\/div>\n<div>\u00a0<\/div>\n<div>Durante o acto, Mu\u00ed\u00f1o deulle os merecidos parab\u00e9ns e agradeucelles que levaran o nome de Zas ata o campionato mundial de Bailes Caribe\u00f1os, celebrado no pasado mes de outubro en Varvosia, as\u00ed como polas dem\u00e1is competici\u00f3ns nas que participan. Tam\u00e9n aproveitou a ocasi\u00f3n para entregarlle uns agasallos institucionais.<\/div>\n","protected":false},"excerpt":{"rendered":"<p>Extracto de texto para amosar na entradilla da portada<\/p>\n","protected":false},"author":5,"featured_media":9797,"comment_status":"open","ping_status":"closed","sticky":false,"template":"","format":"standard","meta":{"slim_seo":{"title":"Recepci\u00f3n no Concello de Zas as campionas do mundo de bachata por parellas - Concello de Zas","description":"Extracto de texto para amosar na entradilla da portada"},"footnotes":""},"categories":[10],"tags":[],"class_list":["post-9791","post","type-post","status-publish","format-standard","has-post-thumbnail","hentry","category-concello"],"_links":{"self":[{"href":"https:\/\/concellodezas.gal\/en\/wp-json\/wp\/v2\/posts\/9791","targetHints":{"allow":["GET"]}}],"collection":[{"href":"https:\/\/concellodezas.gal\/en\/wp-json\/wp\/v2\/posts"}],"about":[{"href":"https:\/\/concellodezas.gal\/en\/wp-json\/wp\/v2\/types\/post"}],"author":[{"embeddable":true,"href":"https:\/\/concellodezas.gal\/en\/wp-json\/wp\/v2\/users\/5"}],"replies":[{"embeddable":true,"href":"https:\/\/concellodezas.gal\/en\/wp-json\/wp\/v2\/comments?post=9791"}],"version-history":[{"count":1,"href":"https:\/\/concellodezas.gal\/en\/wp-json\/wp\/v2\/posts\/9791\/revisions"}],"predecessor-version":[{"id":29194,"href":"https:\/\/concellodezas.gal\/en\/wp-json\/wp\/v2\/posts\/9791\/revisions\/29194"}],"wp:featuredmedia":[{"embeddable":true,"href":"https:\/\/concellodezas.gal\/en\/wp-json\/wp\/v2\/media\/9797"}],"wp:attachment":[{"href":"https:\/\/concellodezas.gal\/en\/wp-json\/wp\/v2\/media?parent=9791"}],"wp:term":[{"taxonomy":"category","embeddable":true,"href":"https:\/\/concellodezas.gal\/en\/wp-json\/wp\/v2\/categories?post=9791"},{"taxonomy":"post_tag","embeddable":true,"href":"https:\/\/concellodezas.gal\/en\/wp-json\/wp\/v2\/tags?post=9791"}],"curies":[{"name":"wp","href":"https:\/\/api.w.org\/{rel}","templated":true}]}}