{"id":8334,"date":"2022-10-04T15:32:19","date_gmt":"2022-10-04T13:32:19","guid":{"rendered":"https:\/\/concellodezas.org\/?p=8334"},"modified":"2025-12-22T16:47:25","modified_gmt":"2025-12-22T15:47:25","slug":"volve-o-baile-para-maiores-con-musica-en-directo-ao-centro-sociocultural-de-zas","status":"publish","type":"post","link":"https:\/\/concellodezas.gal\/en\/volve-o-baile-para-maiores-con-musica-en-directo-ao-centro-sociocultural-de-zas\/","title":{"rendered":"Volve o baile para maiores con m\u00fasica en directo ao Centro Sociocultural de Zas"},"content":{"rendered":"<p>Despois do par\u00f3n motivado pola pandemia mundial, este s\u00e1bado arranca o <b>programa de Baile Social<\/b> posto en marcha polo Concello de Zas. Coma sempre cada s\u00e1bado contaremos no Centro Sociocultural de Zas con m\u00fasica en directo entre as 20:00 e as 23:00 horas e, ao igual que nas anteriores edici\u00f3ns, a entrada \u00e9 de balde. Este s\u00e1bado, 8 de outubro,\u00a0contaremos coa actuaci\u00f3n do grupo Blanca Doble. <span class=\"Apple-converted-space\">\u00a0<\/span><\/p>\n<p>Esta semana tam\u00e9n arrancou o <b>programa de actividades culturais, deportivas e dixitais <\/b>para este 2022-2023. E precisamente son as dirixidas aos nosos maiores algunhas das que te\u00f1en m\u00e1is aceptaci\u00f3n, tales como os talleres de memoria e a ximnasia terap\u00e9utica.<\/p>\n","protected":false},"excerpt":{"rendered":"<p>As actuaci\u00f3ns son os s\u00e1bados de 20:00 a 23:00 horas<\/p>\n","protected":false},"author":5,"featured_media":8336,"comment_status":"open","ping_status":"closed","sticky":false,"template":"","format":"standard","meta":{"slim_seo":{"title":"Volve o baile para maiores con m\u00fasica en directo ao Centro Sociocultural de Zas - Concello de Zas","description":"As actuaci\u00f3ns son os s\u00e1bados de 20:00 a 23:00 horas"},"footnotes":""},"categories":[10],"tags":[],"class_list":["post-8334","post","type-post","status-publish","format-standard","has-post-thumbnail","hentry","category-concello"],"_links":{"self":[{"href":"https:\/\/concellodezas.gal\/en\/wp-json\/wp\/v2\/posts\/8334","targetHints":{"allow":["GET"]}}],"collection":[{"href":"https:\/\/concellodezas.gal\/en\/wp-json\/wp\/v2\/posts"}],"about":[{"href":"https:\/\/concellodezas.gal\/en\/wp-json\/wp\/v2\/types\/post"}],"author":[{"embeddable":true,"href":"https:\/\/concellodezas.gal\/en\/wp-json\/wp\/v2\/users\/5"}],"replies":[{"embeddable":true,"href":"https:\/\/concellodezas.gal\/en\/wp-json\/wp\/v2\/comments?post=8334"}],"version-history":[{"count":1,"href":"https:\/\/concellodezas.gal\/en\/wp-json\/wp\/v2\/posts\/8334\/revisions"}],"predecessor-version":[{"id":29207,"href":"https:\/\/concellodezas.gal\/en\/wp-json\/wp\/v2\/posts\/8334\/revisions\/29207"}],"wp:featuredmedia":[{"embeddable":true,"href":"https:\/\/concellodezas.gal\/en\/wp-json\/wp\/v2\/media\/8336"}],"wp:attachment":[{"href":"https:\/\/concellodezas.gal\/en\/wp-json\/wp\/v2\/media?parent=8334"}],"wp:term":[{"taxonomy":"category","embeddable":true,"href":"https:\/\/concellodezas.gal\/en\/wp-json\/wp\/v2\/categories?post=8334"},{"taxonomy":"post_tag","embeddable":true,"href":"https:\/\/concellodezas.gal\/en\/wp-json\/wp\/v2\/tags?post=8334"}],"curies":[{"name":"wp","href":"https:\/\/api.w.org\/{rel}","templated":true}]}}