{"id":7923,"date":"2022-09-18T13:41:24","date_gmt":"2022-09-18T13:41:24","guid":{"rendered":"https:\/\/concellodezas.org\/?p=7923"},"modified":"2025-12-22T16:47:25","modified_gmt":"2025-12-22T15:47:25","slug":"o-1-de-outubro-ponse-en-marcha-o-programa-de-actividades-2022-2023-con-propostas-deportivas-e-culturais-para-toda-a-vecinanza","status":"publish","type":"post","link":"https:\/\/concellodezas.gal\/en\/o-1-de-outubro-ponse-en-marcha-o-programa-de-actividades-2022-2023-con-propostas-deportivas-e-culturais-para-toda-a-vecinanza\/","title":{"rendered":"O 1 de outubro ponse en marcha o programa de actividades 2022\/2023 con propostas deportivas e culturais para toda a veci\u00f1anza"},"content":{"rendered":"<p>O pr\u00f3ximo 1 de outubro ponse en marcha o <b>Programa de Actividades 2022\/2023<\/b> organizado polo Concello de Zas e que se desenvolver\u00e1 durante os pr\u00f3ximos oito meses. En total son 26 actividades actividades culturais, deportivas e dixitais para todos os gustos e para todas as idades.<span class=\"Apple-converted-space\">\u00a0<\/span><\/p>\n<p>Co fin de promover a actividade f\u00edsica e o deporte, o Concello de Zas ofrece opci\u00f3ns actividades tanto para persoas adultas como para a rapazada. Para as persoas adultas haber\u00e1 durante os pr\u00f3ximos meses clases de z<b>umba, ximnasia de mantemento, ximnasia terape\u00fatica e pilates e ioga <\/b>que se impartir\u00e1n en Zas e en Baio. Mentras que a rapazada poder\u00e1 escoller entre <b>patinaxe, multideporte, escolas de f\u00fatbol, balonm\u00e1n, judo, tenis de mesa, taekwondo, atletismo e tiro con arco <\/b>(que tam\u00e9n se ofrece para adultos).<\/p>\n<p>No programa tam\u00e9n se ofrecen diferentes actividades culturais entre as que est\u00e1n a <b>escola de teatro para adultos e a infantil<\/b> e outras actividades coas que se fomenta a creatividade tales como <b>manualidades, bordado e ganchillo e cesteir\u00eda,<\/b> entre outras. E como novidade, realizaremos cursos<b> de restauraci\u00f3n de mobles, arreglos florais e enxerto e poda<\/b>. Tampouco faltar\u00e1n os <b>obradoiros de memoria<\/b>, dirixidos a persoas maiores de 65 anos, nin outros cl\u00e1sicos como as <b>clases de xadrez e coci\u00f1a<\/b>.<\/p>\n<p>As persoas adultas tam\u00e9n poder\u00e1n ampliar os seus co\u00f1ecementos dixitais cos <b>cursos de manexo de m\u00f3bil<\/b> (nivel b\u00e1sico e avanzado). E como v\u00e9n sendo habitual, as persoas que o desexen &#8211; independentemente da s\u00faa idade &#8211; tam\u00e9n poder anotarse na <b>escola de m\u00fasica<\/b> na que se impartir\u00e1n clases de acorde\u00f3n, canto, guitarra, percusi\u00f3n,\u2026<\/p>\n<p>Tanto o horario de cada unha das actividades coma o prezo das mesmas p\u00f3dese consultar no tr\u00edptico que anexamos e que estar\u00e1 a disposici\u00f3n da veci\u00f1anza nos diferentes edificios municipais.<span class=\"Apple-converted-space\">\u00a0<\/span><\/p>\n<p><b>Inscrici\u00f3ns<\/b><\/p>\n<p>As persoas interesadas en anotarse en calquera destas actividades, poden facelo ata o 30 de setembro cubrindo previamente unha ficha de inscrici\u00f3n que est\u00e1 dispo\u00f1ible na Casa do Concello de Zas.<span class=\"Apple-converted-space\">\u00a0<\/span><\/p>\n","protected":false},"excerpt":{"rendered":"<p>O prazo para anotarse est\u00e1 aberto ata o 30 de setembro<\/p>\n","protected":false},"author":5,"featured_media":7935,"comment_status":"open","ping_status":"closed","sticky":false,"template":"","format":"standard","meta":{"slim_seo":{"title":"O 1 de outubro ponse en marcha o programa de actividades 2022\/2023 con propostas deportivas e culturais para toda a veci\u00f1anza - Concello de Zas","description":"O prazo para anotarse est\u00e1 aberto ata o 30 de setembro"},"footnotes":""},"categories":[10],"tags":[],"class_list":["post-7923","post","type-post","status-publish","format-standard","has-post-thumbnail","hentry","category-concello"],"_links":{"self":[{"href":"https:\/\/concellodezas.gal\/en\/wp-json\/wp\/v2\/posts\/7923","targetHints":{"allow":["GET"]}}],"collection":[{"href":"https:\/\/concellodezas.gal\/en\/wp-json\/wp\/v2\/posts"}],"about":[{"href":"https:\/\/concellodezas.gal\/en\/wp-json\/wp\/v2\/types\/post"}],"author":[{"embeddable":true,"href":"https:\/\/concellodezas.gal\/en\/wp-json\/wp\/v2\/users\/5"}],"replies":[{"embeddable":true,"href":"https:\/\/concellodezas.gal\/en\/wp-json\/wp\/v2\/comments?post=7923"}],"version-history":[{"count":1,"href":"https:\/\/concellodezas.gal\/en\/wp-json\/wp\/v2\/posts\/7923\/revisions"}],"predecessor-version":[{"id":29208,"href":"https:\/\/concellodezas.gal\/en\/wp-json\/wp\/v2\/posts\/7923\/revisions\/29208"}],"wp:featuredmedia":[{"embeddable":true,"href":"https:\/\/concellodezas.gal\/en\/wp-json\/wp\/v2\/media\/7935"}],"wp:attachment":[{"href":"https:\/\/concellodezas.gal\/en\/wp-json\/wp\/v2\/media?parent=7923"}],"wp:term":[{"taxonomy":"category","embeddable":true,"href":"https:\/\/concellodezas.gal\/en\/wp-json\/wp\/v2\/categories?post=7923"},{"taxonomy":"post_tag","embeddable":true,"href":"https:\/\/concellodezas.gal\/en\/wp-json\/wp\/v2\/tags?post=7923"}],"curies":[{"name":"wp","href":"https:\/\/api.w.org\/{rel}","templated":true}]}}