{"id":5868,"date":"2022-07-20T17:02:28","date_gmt":"2022-07-20T17:02:28","guid":{"rendered":"https:\/\/concellodezas.org\/?p=5868"},"modified":"2025-12-22T16:47:25","modified_gmt":"2025-12-22T15:47:25","slug":"o-lino-e-a-economia-circular-centran-as-xornadas-que-se-realizan-este-sabado-nas-torres-do-allo-e-nas-que-xa-hai-inscritas-mais-de-150-persoas","status":"publish","type":"post","link":"https:\/\/concellodezas.gal\/en\/o-lino-e-a-economia-circular-centran-as-xornadas-que-se-realizan-este-sabado-nas-torres-do-allo-e-nas-que-xa-hai-inscritas-mais-de-150-persoas\/","title":{"rendered":"O li\u00f1o e a econom\u00eda circular centran as xornadas que se realizan este s\u00e1bado nas Torres do Allo e nas que xa hai inscritas m\u00e1is de 150 persoas"},"content":{"rendered":"<p>M\u00e1is de 150 persoas xa est\u00e1n inscritas na xornada \u201c<b>O li\u00f1o. Econom\u00eda Circular\u201d <\/b>que se celebran este s\u00e1bado nas Torres do Allo e que est\u00e1n organizadas polo Concello de Zas coa colaboraci\u00f3n da Asociaci\u00f3n Amigos do Li\u00f1o. Estas xornadas est\u00e1n abertas a toda a veci\u00f1anza e para asistir deben de anotarse previamente en calquera destes n\u00fameros de tel\u00e9fono: 981 718 056 ou 981 751 398.<\/p>\n<p>Este \u00e9 o programa:<span class=\"Apple-converted-space\">\u00a0<\/span><\/p>\n<ul>\n<li>19:00 horas: Recepci\u00f3n de asistentes e <b>demostraci\u00f3n en vivo<\/b> sobre o proceso de elaboraci\u00f3n do li\u00f1o: tascado, rastrelado, fiado, ensarillado e debando<\/li>\n<li>19:30 horas: <b>Conferencias<\/b>:<\/li>\n<\/ul>\n<ul>\n<li>Li\u00f1o: artesan\u00eda, identidade e econom\u00eda circular. Rosa Mar\u00eda S\u00e1nchez Mart\u00ednez<\/li>\n<li>O futuro na volta \u00e1s orixes: Jorge Mira P\u00e9rez<\/li>\n<li>O li\u00f1o na Costa da Morte como elemento de cohesi\u00f3n social e cultural. Ricardo Garc\u00eda Mira<\/li>\n<li>O li\u00f1o tradicionalmente contempor\u00e1neo. Xos\u00e9 Regueira, Vicepresidente da Deputaci\u00f3n da Coru\u00f1a<\/li>\n<\/ul>\n<ul>\n<li>20:30 horas: <b>Desfile con 27 modelos da comarca <\/b>e na que se presentar\u00e1 unha colecci\u00f3n e roupa de li\u00f1o con cores e flores acorde \u00e1 contorna<span class=\"Apple-converted-space\">\u00a0<\/span><\/li>\n<li>21:00 horas: <b>Concerto de Ant\u00eda Mu\u00ed\u00f1o<\/b><\/li>\n<li>21:30 horas: <b>Sorteo <\/b>dun mantel de li\u00f1o e dun paquete composto de bolso e bufanda combinados<\/li>\n<li>21:35 horas: <b>Degustaci\u00f3n<\/b> de troita rebozada, bocadi\u00f1os de bacallau, empanadillas, tortilla, pan de li\u00f1o, papas de arroz e bebidas varias<\/li>\n<li><b>Exposici\u00f3n de traballos<\/b> feitos con trapos, f\u00edos de l\u00e1 e f\u00edos de li\u00f1o reciclados<\/li>\n<\/ul>\n<p>A xornalista M\u00f3nica Mart\u00ednez ser\u00e1 a encargada de presentar as xornadas que forman parte do programa cultural posto en marcha pola \u00e1rea de Cultura do Concello de Zas para estes meses de ver\u00e1n.<span class=\"Apple-converted-space\">\u00a0<\/span><\/p>\n","protected":false},"excerpt":{"rendered":"<p>A partir das 19:00 horas haber\u00e1 demostraci\u00f3n en vivo, conferencias, desfile, un concerto de m\u00fasica con Ant\u00eda Mu\u00ed\u00f1o, sorteos e degustaci\u00f3n<\/p>\n","protected":false},"author":5,"featured_media":5683,"comment_status":"open","ping_status":"closed","sticky":false,"template":"","format":"standard","meta":{"slim_seo":{"title":"O li\u00f1o e a econom\u00eda circular centran as xornadas que se realizan este s\u00e1bado nas Torres do Allo e nas que xa hai inscritas m\u00e1is de 150 persoas - Concello de Zas","description":"A partir das 19:00 horas haber\u00e1 demostraci\u00f3n en vivo, conferencias, desfile, un concerto de m\u00fasica con Ant\u00eda Mu\u00ed\u00f1o, sorteos e degustaci\u00f3n"},"footnotes":""},"categories":[10],"tags":[],"class_list":["post-5868","post","type-post","status-publish","format-standard","has-post-thumbnail","hentry","category-concello"],"_links":{"self":[{"href":"https:\/\/concellodezas.gal\/en\/wp-json\/wp\/v2\/posts\/5868","targetHints":{"allow":["GET"]}}],"collection":[{"href":"https:\/\/concellodezas.gal\/en\/wp-json\/wp\/v2\/posts"}],"about":[{"href":"https:\/\/concellodezas.gal\/en\/wp-json\/wp\/v2\/types\/post"}],"author":[{"embeddable":true,"href":"https:\/\/concellodezas.gal\/en\/wp-json\/wp\/v2\/users\/5"}],"replies":[{"embeddable":true,"href":"https:\/\/concellodezas.gal\/en\/wp-json\/wp\/v2\/comments?post=5868"}],"version-history":[{"count":1,"href":"https:\/\/concellodezas.gal\/en\/wp-json\/wp\/v2\/posts\/5868\/revisions"}],"predecessor-version":[{"id":29219,"href":"https:\/\/concellodezas.gal\/en\/wp-json\/wp\/v2\/posts\/5868\/revisions\/29219"}],"wp:featuredmedia":[{"embeddable":true,"href":"https:\/\/concellodezas.gal\/en\/wp-json\/wp\/v2\/media\/5683"}],"wp:attachment":[{"href":"https:\/\/concellodezas.gal\/en\/wp-json\/wp\/v2\/media?parent=5868"}],"wp:term":[{"taxonomy":"category","embeddable":true,"href":"https:\/\/concellodezas.gal\/en\/wp-json\/wp\/v2\/categories?post=5868"},{"taxonomy":"post_tag","embeddable":true,"href":"https:\/\/concellodezas.gal\/en\/wp-json\/wp\/v2\/tags?post=5868"}],"curies":[{"name":"wp","href":"https:\/\/api.w.org\/{rel}","templated":true}]}}