{"id":4218,"date":"2022-03-31T09:32:57","date_gmt":"2022-03-31T09:32:57","guid":{"rendered":"http:\/\/concellodezas.org.185-176-9-81.185-176-9-81.visualpublinet.com\/?p=4218"},"modified":"2022-04-27T10:39:26","modified_gmt":"2022-04-27T10:39:26","slug":"fegadace-e-o-concello-de-zas-colaboran-na-sensibilizacion-e-prevencion-do-dano-cerebral-cunha-charla","status":"publish","type":"post","link":"https:\/\/concellodezas.gal\/en\/fegadace-e-o-concello-de-zas-colaboran-na-sensibilizacion-e-prevencion-do-dano-cerebral-cunha-charla\/","title":{"rendered":"FEGADACE e o Concello de Zas colaboran na sensibilizaci\u00f3n e prevenci\u00f3n do dano cerebral cunha charla"},"content":{"rendered":"<p>A informaci\u00f3n sobre o dano cerebral adquirido chega a Zas pola man da colaboraci\u00f3n entre o concello coru\u00f1\u00e9s e a Federaci\u00f3n Galega de Dano Cerebral (<a href=\"https:\/\/www.fegadace.org\/index.php\">FEGADACE<\/a>). Unha das principais li\u00f1as de actuaci\u00f3n da Federaci\u00f3n \u00e9 a informaci\u00f3n e sensibilizaci\u00f3n, cos obxectivos de dar a co\u00f1ecer a realidade das persoas con dano cerebral, pero tam\u00e9n de axudar a previr esta discapacidade, que afecta a m\u00e1is de 35.000 persoas en Galicia.<\/p>\n<p><strong>A actividade informativa est\u00e1 dirixida a todo tipo de p\u00fablico<\/strong>\u00a0e nela a traballadora social de FEGADACE vai falar da prevenci\u00f3n das principais causas do dano cerebral (o ictus -que est\u00e1 detr\u00e1s do 78% dos casos- e os accidentes de tr\u00e1fico), e do modelo de atenci\u00f3n e rehabilitaci\u00f3n que se desenvolve nas asociaci\u00f3ns galegas de dano cerebral, ditado polo Ministerio de Sanidade a trav\u00e9s do Imserso. Centrarase especialmente en presentar o recurso asociativo m\u00e1is pr\u00f3ximo a Zas: ADACECO, a Asociaci\u00f3n de Dano Cerebral da Coru\u00f1a, que se ocupa de toda a \u00e1rea sanitaria da Coru\u00f1a e Cee.<\/p>\n<p>Esta charla vai ter lugar o\u00a0<strong>xoves 21 de abril \u00e1s 16:30 hh. no Centro Sociocultural de Baio, en Zas<\/strong>. O acceso \u00e9 libre, pero recom\u00e9ndase\u00a0<strong>inscribirse no tel\u00e9fono 652 770 653<\/strong>.<\/p>\n<p>A organizaci\u00f3n desta actividade conta coa colaboraci\u00f3n do Concello de Zas e co financiamento da Conseller\u00eda de Pol\u00edtica Social, dentro dos programas con cargo \u00e1 asignaci\u00f3n tributaria do 0,7% do IRPF; \u00e9 dicir, grazas \u00e1s persoas que marcan a X Solidaria na s\u00faa declaraci\u00f3n da renda.<\/p>\n","protected":false},"excerpt":{"rendered":"<p>132 veci\u00f1os e veci\u00f1as participan nesta campa\u00f1a posta en marcha polo Concello de Zas a mediados do pasado mes de marzo<\/p>\n","protected":false},"author":3,"featured_media":4220,"comment_status":"open","ping_status":"closed","sticky":false,"template":"","format":"standard","meta":{"slim_seo":{"title":"FEGADACE e o Concello de Zas colaboran na sensibilizaci\u00f3n e prevenci\u00f3n do dano cerebral cunha charla - Concello de Zas","description":"132 veci\u00f1os e veci\u00f1as participan nesta campa\u00f1a posta en marcha polo Concello de Zas a mediados do pasado mes de marzo"},"footnotes":""},"categories":[10],"tags":[],"class_list":["post-4218","post","type-post","status-publish","format-standard","has-post-thumbnail","hentry","category-concello"],"_links":{"self":[{"href":"https:\/\/concellodezas.gal\/en\/wp-json\/wp\/v2\/posts\/4218","targetHints":{"allow":["GET"]}}],"collection":[{"href":"https:\/\/concellodezas.gal\/en\/wp-json\/wp\/v2\/posts"}],"about":[{"href":"https:\/\/concellodezas.gal\/en\/wp-json\/wp\/v2\/types\/post"}],"author":[{"embeddable":true,"href":"https:\/\/concellodezas.gal\/en\/wp-json\/wp\/v2\/users\/3"}],"replies":[{"embeddable":true,"href":"https:\/\/concellodezas.gal\/en\/wp-json\/wp\/v2\/comments?post=4218"}],"version-history":[{"count":0,"href":"https:\/\/concellodezas.gal\/en\/wp-json\/wp\/v2\/posts\/4218\/revisions"}],"wp:featuredmedia":[{"embeddable":true,"href":"https:\/\/concellodezas.gal\/en\/wp-json\/wp\/v2\/media\/4220"}],"wp:attachment":[{"href":"https:\/\/concellodezas.gal\/en\/wp-json\/wp\/v2\/media?parent=4218"}],"wp:term":[{"taxonomy":"category","embeddable":true,"href":"https:\/\/concellodezas.gal\/en\/wp-json\/wp\/v2\/categories?post=4218"},{"taxonomy":"post_tag","embeddable":true,"href":"https:\/\/concellodezas.gal\/en\/wp-json\/wp\/v2\/tags?post=4218"}],"curies":[{"name":"wp","href":"https:\/\/api.w.org\/{rel}","templated":true}]}}