{"id":4204,"date":"2022-04-04T09:00:07","date_gmt":"2022-04-04T09:00:07","guid":{"rendered":"http:\/\/concellodezas.org.185-176-9-81.185-176-9-81.visualpublinet.com\/?p=4204"},"modified":"2022-04-27T10:31:43","modified_gmt":"2022-04-27T10:31:43","slug":"volven-os-obradoiros-infantis-de-semana-santa","status":"publish","type":"post","link":"https:\/\/concellodezas.gal\/en\/volven-os-obradoiros-infantis-de-semana-santa\/","title":{"rendered":"Volven os obradoiros infant\u00eds de Semana Santa"},"content":{"rendered":"<p>Co fin de contribu\u00edr \u00e1 conciliaci\u00f3n laboral e familiar da nosa veci\u00f1anza, o Concello de Zas v\u00e9n de po\u00f1er en marcha un novo programa de\u00a0<strong>obradoiros infant\u00eds para esta Semana Santa<\/strong>.<\/p>\n<p>Concretamente estes talleres realizaranse os d\u00edas 11, 12 e 13 de abril en horario de ma\u00f1\u00e1 (de 11:00 a 13:00 horas) no Centro Sociocultural de Zas e en horario de tarde (de 16:00 a 18:00 horas) no Centro Sociocultural de Baio. Son gratu\u00edtos e est\u00e1n dirixidos a nenas e nenos de 3 a 12 anos.<span class=\"Apple-converted-space\">\u00a0<\/span><\/p>\n<p>Para asistir \u00e9 necesario anotarse en calquera destes n\u00fameros de tel\u00e9fono: 981 751 398 ou 981 718 056. O prazo de inscrici\u00f3n retama o pr\u00f3ximo venres, 8 de abril.<span class=\"Apple-converted-space\">\u00a0<\/span><\/p>\n","protected":false},"excerpt":{"rendered":"<p>Realizaranse os d\u00edas 11, 12 e 13 de abril no Centro Sociocultural de Zas e no de Baio<\/p>\n","protected":false},"author":3,"featured_media":4206,"comment_status":"open","ping_status":"closed","sticky":false,"template":"","format":"standard","meta":{"slim_seo":{"title":"Volven os obradoiros infant\u00eds de Semana Santa - Concello de Zas","description":"Realizaranse os d\u00edas 11, 12 e 13 de abril no Centro Sociocultural de Zas e no de Baio"},"footnotes":""},"categories":[10],"tags":[],"class_list":["post-4204","post","type-post","status-publish","format-standard","has-post-thumbnail","hentry","category-concello"],"_links":{"self":[{"href":"https:\/\/concellodezas.gal\/en\/wp-json\/wp\/v2\/posts\/4204","targetHints":{"allow":["GET"]}}],"collection":[{"href":"https:\/\/concellodezas.gal\/en\/wp-json\/wp\/v2\/posts"}],"about":[{"href":"https:\/\/concellodezas.gal\/en\/wp-json\/wp\/v2\/types\/post"}],"author":[{"embeddable":true,"href":"https:\/\/concellodezas.gal\/en\/wp-json\/wp\/v2\/users\/3"}],"replies":[{"embeddable":true,"href":"https:\/\/concellodezas.gal\/en\/wp-json\/wp\/v2\/comments?post=4204"}],"version-history":[{"count":0,"href":"https:\/\/concellodezas.gal\/en\/wp-json\/wp\/v2\/posts\/4204\/revisions"}],"wp:featuredmedia":[{"embeddable":true,"href":"https:\/\/concellodezas.gal\/en\/wp-json\/wp\/v2\/media\/4206"}],"wp:attachment":[{"href":"https:\/\/concellodezas.gal\/en\/wp-json\/wp\/v2\/media?parent=4204"}],"wp:term":[{"taxonomy":"category","embeddable":true,"href":"https:\/\/concellodezas.gal\/en\/wp-json\/wp\/v2\/categories?post=4204"},{"taxonomy":"post_tag","embeddable":true,"href":"https:\/\/concellodezas.gal\/en\/wp-json\/wp\/v2\/tags?post=4204"}],"curies":[{"name":"wp","href":"https:\/\/api.w.org\/{rel}","templated":true}]}}