{"id":30585,"date":"2026-03-01T08:00:00","date_gmt":"2026-03-01T07:00:00","guid":{"rendered":"https:\/\/concellodezas.gal\/?p=30585"},"modified":"2026-02-28T15:03:59","modified_gmt":"2026-02-28T14:03:59","slug":"zas-conmemora-o-8m-cun-ciclo-de-actividades-nos-centros-de-ensino-do-municipio","status":"publish","type":"post","link":"https:\/\/concellodezas.gal\/en\/zas-conmemora-o-8m-cun-ciclo-de-actividades-nos-centros-de-ensino-do-municipio\/","title":{"rendered":"Zas conmemora o 8M cun ciclo de actividades nos centros de ensino do municipio"},"content":{"rendered":"\n<p>O Concello de Zas organiza un compendio de actividades nos centros educativos da localidade no marco da conmemoraci\u00f3n do\u00a0<mark style=\"background-color:rgba(0, 0, 0, 0)\" class=\"has-inline-color has-vivid-purple-color\"><strong>8M<\/strong>,\u00a0<strong>D\u00eda Internacional da Muller<\/strong><\/mark><strong>.\u00a0<\/strong>Este ciclo nace co fin de sensibilizar \u00e1 rapazada e fomentar a igualdade de x\u00e9nero entre a poboaci\u00f3n m\u00e1is nova.\u00a0<\/p>\n\n\n\n<p>Un dos piares desta programaci\u00f3n ser\u00e1 a implicaci\u00f3n directa das novas xeraci\u00f3ns, co obxectivo de educar e concienciar desde as idades m\u00e1is temper\u00e1s, con diferentes formatos adaptados a cada etapa escolar. As\u00ed, o 6 de marzo comezar\u00e1 o ciclo coa actividade \u2018Os contos do av\u00f3: mulleres galegas\u2019, destinado ao alumnado de infantil e 1\u00ba de primaria do CEIP Labarta Pose. Ese mesmo d\u00eda tam\u00e9n levarase a cabo a xornada \u2018Superhero\u00ednas 8M\u2019 entre o alumando de 2\u00ba,3\u00ba e 4\u00ba de primeria do centro.<\/p>\n\n\n\n<p>O luns, 9 de marzo, realizaranse as d\u00faas mesmas actividades nesta ocasi\u00f3n co alumnado de infantil e primaria do centro CPI de Zas. O propio luns tam\u00e9n ter\u00e1 lugar a actividade \u2018Igualdade, onde est\u00e1s?\u2019, destinado ao alumnado da ESO do Instituto Maximino Romero de Lema e do CPI de Zas.&nbsp;<\/p>\n\n\n\n<p>Para rematar este mes da muller, o venres 27 de marzo o alumnado da ESO do CPI de Zas participar\u00e1 na actividade \u2018Encaixando pezas\u2019.<\/p>\n\n\n\n<p>O alcalde de Zas, Manuel Mu\u00ed\u00f1o, subli\u00f1a \u201ca importancia deste ciclo de actividades que fomenta a reflexi\u00f3n cr\u00edtica, promover valores de igualdade, respecto e liberdade desde a infancia\u201d as\u00ed como tam\u00e9n \u201creforza o compromiso municipal cunha cultura transformadora, inclusiva e ao alcance de todos e todas\u201d.<\/p>\n\n\n\n<figure class=\"wp-block-image size-large\"><img fetchpriority=\"high\" decoding=\"async\" width=\"768\" height=\"1024\" src=\"https:\/\/concellodezas.gal\/wp-content\/uploads\/2026\/02\/8M-zas-768x1024.jpg\" alt=\"8M zas\" class=\"wp-image-30586\" srcset=\"https:\/\/concellodezas.gal\/wp-content\/uploads\/2026\/02\/8M-zas-768x1024.jpg 768w, https:\/\/concellodezas.gal\/wp-content\/uploads\/2026\/02\/8M-zas-225x300.jpg 225w, https:\/\/concellodezas.gal\/wp-content\/uploads\/2026\/02\/8M-zas.jpg 1080w\" sizes=\"(max-width: 768px) 100vw, 768px\" \/><figcaption class=\"wp-element-caption\">8M zas<\/figcaption><\/figure>\n","protected":false},"excerpt":{"rendered":"<p>O Concello de Zas organiza un compendio de actividades nos centros educativos da localidade no marco da conmemoraci\u00f3n do\u00a08M,\u00a0D\u00eda Internacional da Muller.\u00a0Este ciclo nace co fin de sensibilizar \u00e1 rapazada e fomentar a igualdade de x\u00e9nero entre a poboaci\u00f3n m\u00e1is nova.\u00a0 Un dos piares desta programaci\u00f3n ser\u00e1 a implicaci\u00f3n directa das novas xeraci\u00f3ns, co obxectivo [&hellip;]<\/p>\n","protected":false},"author":5,"featured_media":30586,"comment_status":"open","ping_status":"closed","sticky":false,"template":"","format":"standard","meta":{"slim_seo":{"title":"Zas conmemora o 8M cun ciclo de actividades nos centros de ensino do municipio - Concello de Zas","description":"O Concello de Zas organiza un compendio de actividades nos centros educativos da localidade no marco da conmemoraci\u00f3n do\u00a0 8M ,\u00a0 D\u00eda Internacional da Muller .\u00a0 E"},"footnotes":""},"categories":[10,413],"tags":[],"class_list":["post-30585","post","type-post","status-publish","format-standard","has-post-thumbnail","hentry","category-concello","category-cultura-e-deportes"],"_links":{"self":[{"href":"https:\/\/concellodezas.gal\/en\/wp-json\/wp\/v2\/posts\/30585","targetHints":{"allow":["GET"]}}],"collection":[{"href":"https:\/\/concellodezas.gal\/en\/wp-json\/wp\/v2\/posts"}],"about":[{"href":"https:\/\/concellodezas.gal\/en\/wp-json\/wp\/v2\/types\/post"}],"author":[{"embeddable":true,"href":"https:\/\/concellodezas.gal\/en\/wp-json\/wp\/v2\/users\/5"}],"replies":[{"embeddable":true,"href":"https:\/\/concellodezas.gal\/en\/wp-json\/wp\/v2\/comments?post=30585"}],"version-history":[{"count":2,"href":"https:\/\/concellodezas.gal\/en\/wp-json\/wp\/v2\/posts\/30585\/revisions"}],"predecessor-version":[{"id":30588,"href":"https:\/\/concellodezas.gal\/en\/wp-json\/wp\/v2\/posts\/30585\/revisions\/30588"}],"wp:featuredmedia":[{"embeddable":true,"href":"https:\/\/concellodezas.gal\/en\/wp-json\/wp\/v2\/media\/30586"}],"wp:attachment":[{"href":"https:\/\/concellodezas.gal\/en\/wp-json\/wp\/v2\/media?parent=30585"}],"wp:term":[{"taxonomy":"category","embeddable":true,"href":"https:\/\/concellodezas.gal\/en\/wp-json\/wp\/v2\/categories?post=30585"},{"taxonomy":"post_tag","embeddable":true,"href":"https:\/\/concellodezas.gal\/en\/wp-json\/wp\/v2\/tags?post=30585"}],"curies":[{"name":"wp","href":"https:\/\/api.w.org\/{rel}","templated":true}]}}