{"id":30549,"date":"2026-02-25T11:22:57","date_gmt":"2026-02-25T10:22:57","guid":{"rendered":"https:\/\/concellodezas.gal\/?p=30549"},"modified":"2026-03-26T11:26:16","modified_gmt":"2026-03-26T10:26:16","slug":"o-centro-sociocultural-de-baio-acolle-a-mostra-galicia-en-luz-e-cor-unha-viaxe-visual-polos-seus-mares-cidades-e-rostros","status":"publish","type":"post","link":"https:\/\/concellodezas.gal\/en\/o-centro-sociocultural-de-baio-acolle-a-mostra-galicia-en-luz-e-cor-unha-viaxe-visual-polos-seus-mares-cidades-e-rostros\/","title":{"rendered":"O Centro Sociocultural de Baio acolle a mostra \u201cGalicia en Luz e Cor: Unha viaxe visual polos seus mares, cidades e rostros\u201d"},"content":{"rendered":"\n<p>O Centro Sociocultural de Baio acoller\u00e1 o vindeiro s\u00e1bado, 28 de febreiro, \u00e1s 18:30 h, a inauguraci\u00f3n da mostra fotogr\u00e1fica e de pintura \u201cGalicia en Luz e Cor: Unha viaxe visual polos seus mares, cidades e rostros\u201d.<\/p>\n\n\n\n<p>A exposici\u00f3n poderase visitar do 28 de febreiro ao 28 de marzo, de martes a venres, en horario de 15:30 a 20:30 e os s\u00e1bados, de 10:00 a 14:00 h. &nbsp;Esta mostra er\u00edxese como un s\u00f3lido compendio de sensibilidades pl\u00e1sticas arredor da identidade galega, articulando un discurso visual que transita desde a inmensidade atl\u00e1ntica ata a intimidade do rural, desde o pulso urbano ata a \u00e9pica silenciosa das xentes do mar e do campo.<\/p>\n\n\n\n<p>As\u00ed, a trav\u00e9s de t\u00e9cnicas diversas de acuarela, \u00f3leo, pastel, carb\u00f3n e fotograf\u00eda constr\u00faese un mapa est\u00e9tico onde cada autor imprime a s\u00faa pegada estil\u00edstica, evidenciando que a pluralidade formal non dil\u00fae o relato com\u00fan, sen\u00f3n que o enriquece con matices de fonda autenticidade.<\/p>\n\n\n\n<p>As persoas creadoras que participan nesta exposici\u00f3n pertencen ao Grupo Lucet e son Rosario Puente, Mar\u00eda Jos\u00e9 Puente, Melania G\u00f3mez, Ana Cancela, Julia San Mart\u00edn, Mar\u00eda del Carmen Valderde, Francisco Hervella, Dolores Mato e Salvador Galb\u00e1n.<\/p>\n\n\n\n<p>O grupo est\u00e1 conformado por creadoras e creadores pl\u00e1sticos que desenvolven na actualidade a s\u00faa actividade art\u00edstica fundamentalmente arredor da t\u00e9cnica da acuarela, a\u00ednda que a proposta expositiva incl\u00fae tam\u00e9n pezas desenvolvidas en pastel, \u00f3leo e fotograf\u00eda.<\/p>\n\n\n\n<p>Ademais, varios dos seus integrantes contan cun relevante palmar\u00e9s de premios acadados en exposici\u00f3ns e certames de pintura, o que sup\u00f3n un reco\u00f1ecemento expl\u00edcito \u00e1 calidade t\u00e9cnica e ao valor est\u00e9tico das s\u00faas produci\u00f3ns.<\/p>\n\n\n\n<p>O alcalde, Manuel Mu\u00ed\u00f1o, desexou que \u201cesta mostra te\u00f1a unha gran acollida xa que config\u00farase como unha celebraci\u00f3n da identidade galega a trav\u00e9s de miradas diversas e complementarias, onde t\u00e9cnica, estilo e personalidade confl\u00faen nun relato visual de notable coherencia e calidade art\u00edstica\u201d.<\/p>\n","protected":false},"excerpt":{"rendered":"<p>O Centro Sociocultural de Baio acoller\u00e1 o vindeiro s\u00e1bado, 28 de febreiro, \u00e1s 18:30 h, a inauguraci\u00f3n da mostra fotogr\u00e1fica e de pintura \u201cGalicia en Luz e Cor: Unha viaxe visual polos seus mares, cidades e rostros\u201d. A exposici\u00f3n poderase visitar do 28 de febreiro ao 28 de marzo, de martes a venres, en horario [&hellip;]<\/p>\n","protected":false},"author":7,"featured_media":30552,"comment_status":"open","ping_status":"closed","sticky":false,"template":"","format":"standard","meta":{"slim_seo":{"title":"O Centro Sociocultural de Baio acolle a mostra \u201cGalicia en Luz e Cor: Unha viaxe visual polos seus mares, cidades e rostros\u201d - Concello de Zas","description":"O Centro Sociocultural de Baio acoller\u00e1 o vindeiro s\u00e1bado, 28 de febreiro, \u00e1s 18:30 h, a inauguraci\u00f3n da mostra fotogr\u00e1fica e de pintura \u201cGalicia en Luz e Cor:"},"footnotes":""},"categories":[10,413],"tags":[],"class_list":["post-30549","post","type-post","status-publish","format-standard","has-post-thumbnail","hentry","category-concello","category-cultura-e-deportes"],"_links":{"self":[{"href":"https:\/\/concellodezas.gal\/en\/wp-json\/wp\/v2\/posts\/30549","targetHints":{"allow":["GET"]}}],"collection":[{"href":"https:\/\/concellodezas.gal\/en\/wp-json\/wp\/v2\/posts"}],"about":[{"href":"https:\/\/concellodezas.gal\/en\/wp-json\/wp\/v2\/types\/post"}],"author":[{"embeddable":true,"href":"https:\/\/concellodezas.gal\/en\/wp-json\/wp\/v2\/users\/7"}],"replies":[{"embeddable":true,"href":"https:\/\/concellodezas.gal\/en\/wp-json\/wp\/v2\/comments?post=30549"}],"version-history":[{"count":1,"href":"https:\/\/concellodezas.gal\/en\/wp-json\/wp\/v2\/posts\/30549\/revisions"}],"predecessor-version":[{"id":30551,"href":"https:\/\/concellodezas.gal\/en\/wp-json\/wp\/v2\/posts\/30549\/revisions\/30551"}],"wp:featuredmedia":[{"embeddable":true,"href":"https:\/\/concellodezas.gal\/en\/wp-json\/wp\/v2\/media\/30552"}],"wp:attachment":[{"href":"https:\/\/concellodezas.gal\/en\/wp-json\/wp\/v2\/media?parent=30549"}],"wp:term":[{"taxonomy":"category","embeddable":true,"href":"https:\/\/concellodezas.gal\/en\/wp-json\/wp\/v2\/categories?post=30549"},{"taxonomy":"post_tag","embeddable":true,"href":"https:\/\/concellodezas.gal\/en\/wp-json\/wp\/v2\/tags?post=30549"}],"curies":[{"name":"wp","href":"https:\/\/api.w.org\/{rel}","templated":true}]}}