{"id":30378,"date":"2026-02-18T10:13:17","date_gmt":"2026-02-18T09:13:17","guid":{"rendered":"https:\/\/concellodezas.gal\/?p=30378"},"modified":"2026-03-13T11:49:34","modified_gmt":"2026-03-13T10:49:34","slug":"zas-consolida-o-seu-concurso-deentroido-como-referente-na-costa-damorte-con-2-600-euros-en-premios","status":"publish","type":"post","link":"https:\/\/concellodezas.gal\/en\/zas-consolida-o-seu-concurso-deentroido-como-referente-na-costa-damorte-con-2-600-euros-en-premios\/","title":{"rendered":"Zas consolida o seu concurso de Entroido como referente na Costa daMorte con 2.600 euros en premios"},"content":{"rendered":"\n<p>O Concello de Zas celebrou un ano m\u00e1is o Entroido cunha ampla programaci\u00f3n l\u00fadica e cultural dirixida a todos os p\u00fablicos, na que o tradicional concurso de disfraces, celebrado este martes 17 de febreiro no Polideportivo de Zas, volveu converterse no acto central das festas.<\/p>\n\n\n\n<p>O desfile repartiu un total de 2.600 euros en premios, unha das cont\u00edas m\u00e1is destacadas da comarca, consolid\u00e1ndose como unha referencia do Entroido na Costa da Morte. Centos de persoas acheg\u00e1ronse ao Polideportivo para gozar dunha xornada chea de cor, creatividade e diversi\u00f3n.<\/p>\n\n\n\n<p>A programaci\u00f3n arrancou \u00e1s 17:00 horas cunha proposta especialmente pensada para o p\u00fablico infantil, con inchables, maquillaxe e xogos, ademais das actuaci\u00f3ns de Duende Circo e DJ Roki\u00f1o, que animaron a tarde e prepararon o ambiente para o gran desfile.<\/p>\n\n\n\n<p>O concurso de disfraces comezou \u00e1s 19:00 horas, convertendo o recinto deportivo no epicentro do Entroido municipal. O certame contou con varias categor\u00edas. Nas categor\u00edas infant\u00eds, A (0 a 5 anos) e B (6 a 14 anos), repart\u00edronse premios de 200, 150 e 100 euros para os tres primeiros postos, que foron para Medusas, Sirenas e Marcianas, na categor\u00eda A; e para Nin rato nin rata, Cabeza Monta e domador Caracol, na categor\u00eda B.<\/p>\n\n\n\n<p>Na categor\u00eda C, destinada a persoas maiores de 15 anos, entreg\u00e1ronse premios de 300, 200 e 100 euros a Zapalatas, Cham\u00e1n e Outono M\u00e1xico respectivamente. <\/p>\n\n\n\n<p>Ademais, a categor\u00eda de Grupos e Comparsas, contou con premios de 400, 300 e 200 euros, destacando pola alta participaci\u00f3n e polo nivel de elaboraci\u00f3n das propostas presentadas. Os ga\u00f1adores foron para Douche ca bara, Cheo de Moscas, e Payasos Justicieiros.<\/p>\n\n\n\n<p>O concurso completouse co Premio Especial \u2018Zaschoqueiro\u2019, dotado con 200 euros, que reco\u00f1eceu o personaxe m\u00e1is peculiar, orixinal e estrafalario do desfile e que nesta ocasi\u00f3n foi para Vaqueiro gandeiro.<\/p>\n\n\n\n<p>O alcalde, Manuel Mu\u00ed\u00f1o, destacou a elevada participaci\u00f3n e o ambiente festivo vivido durante toda a xornada, agradecendo a implicaci\u00f3n da veci\u00f1anza. \u201cO Entroido de Zas \u00e9 xa unha cita imprescindible no calendario festivo do noso concello. Seguimos apostando por un modelo participativo, pensado para todas as idades e que dinamiza a vida social e cultural do municipio\u201d, sinalou.<\/p>\n","protected":false},"excerpt":{"rendered":"<p>O Concello de Zas celebrou un ano m\u00e1is o Entroido cunha ampla programaci\u00f3n l\u00fadica e cultural dirixida a todos os p\u00fablicos, na que o tradicional concurso de disfraces, celebrado este martes 17 de febreiro no Polideportivo de Zas, volveu converterse no acto central das festas. O desfile repartiu un total de 2.600 euros en premios, [&hellip;]<\/p>\n","protected":false},"author":5,"featured_media":30379,"comment_status":"open","ping_status":"closed","sticky":false,"template":"","format":"standard","meta":{"slim_seo":{"title":"Zas consolida o seu concurso de Entroido como referente na Costa daMorte con 2.600 euros en premios - Concello de Zas","description":"O Concello de Zas celebrou un ano m\u00e1is o Entroido cunha ampla programaci\u00f3n l\u00fadica e cultural dirixida a todos os p\u00fablicos, na que o tradicional concurso de disf"},"footnotes":""},"categories":[10,413],"tags":[],"class_list":["post-30378","post","type-post","status-publish","format-standard","has-post-thumbnail","hentry","category-concello","category-cultura-e-deportes"],"_links":{"self":[{"href":"https:\/\/concellodezas.gal\/en\/wp-json\/wp\/v2\/posts\/30378","targetHints":{"allow":["GET"]}}],"collection":[{"href":"https:\/\/concellodezas.gal\/en\/wp-json\/wp\/v2\/posts"}],"about":[{"href":"https:\/\/concellodezas.gal\/en\/wp-json\/wp\/v2\/types\/post"}],"author":[{"embeddable":true,"href":"https:\/\/concellodezas.gal\/en\/wp-json\/wp\/v2\/users\/5"}],"replies":[{"embeddable":true,"href":"https:\/\/concellodezas.gal\/en\/wp-json\/wp\/v2\/comments?post=30378"}],"version-history":[{"count":2,"href":"https:\/\/concellodezas.gal\/en\/wp-json\/wp\/v2\/posts\/30378\/revisions"}],"predecessor-version":[{"id":30629,"href":"https:\/\/concellodezas.gal\/en\/wp-json\/wp\/v2\/posts\/30378\/revisions\/30629"}],"wp:featuredmedia":[{"embeddable":true,"href":"https:\/\/concellodezas.gal\/en\/wp-json\/wp\/v2\/media\/30379"}],"wp:attachment":[{"href":"https:\/\/concellodezas.gal\/en\/wp-json\/wp\/v2\/media?parent=30378"}],"wp:term":[{"taxonomy":"category","embeddable":true,"href":"https:\/\/concellodezas.gal\/en\/wp-json\/wp\/v2\/categories?post=30378"},{"taxonomy":"post_tag","embeddable":true,"href":"https:\/\/concellodezas.gal\/en\/wp-json\/wp\/v2\/tags?post=30378"}],"curies":[{"name":"wp","href":"https:\/\/api.w.org\/{rel}","templated":true}]}}