{"id":30355,"date":"2026-02-17T08:00:00","date_gmt":"2026-02-17T07:00:00","guid":{"rendered":"https:\/\/concellodezas.gal\/?p=30355"},"modified":"2026-02-16T13:47:52","modified_gmt":"2026-02-16T12:47:52","slug":"o-concello-de-zas-impulsa-un-directorio-empresarial-para-dar-visibilidade-aos-negocios-locais-na-nova-web-municipal","status":"publish","type":"post","link":"https:\/\/concellodezas.gal\/en\/o-concello-de-zas-impulsa-un-directorio-empresarial-para-dar-visibilidade-aos-negocios-locais-na-nova-web-municipal\/","title":{"rendered":"O Concello de Zas impulsa un Directorio Empresarial para dar visibilidade aos negocios locais na nova web municipal"},"content":{"rendered":"\n<p>O Concello de Zas v\u00e9n de po\u00f1er en marcha un Directorio Empresarial dentro da renovada p\u00e1xina web municipal, unha iniciativa estrat\u00e9xica que ten como obxectivo reforzar a visibilidade, accesibilidade e promoci\u00f3n do tecido econ\u00f3mico local.<\/p>\n\n\n\n<p>Esta acci\u00f3n forma parte do proceso de renovaci\u00f3n integral da web municipal, no que o Concello realizou un importante esforzo econ\u00f3mico e t\u00e9cnico para converter este espazo dixital nunha ferramenta \u00fatil, moderna e din\u00e1mica, tanto para a veci\u00f1anza como para as persoas que visitan o municipio.<\/p>\n\n\n\n<p>O novo Directorio Empresarial nace como un escaparate dixital ao servizo dos comercios, empresas, profesionais e entidades que desenvolven a s\u00faa actividade en Zas, permitindo que cada establecemento conte cun espazo propio no que amosar a s\u00faa informaci\u00f3n b\u00e1sica: descrici\u00f3n do negocio, datos de contacto, enderezo e imaxes. Deste xeito, facil\u00edtase que a cidadan\u00eda e as persoas visitantes poidan co\u00f1ecer de maneira sinxela os servizos e produtos dispo\u00f1ibles no concello.<\/p>\n\n\n\n<p>O alcalde de Zas, Manuel Mu\u00ed\u00f1o, destacou a importancia desta iniciativa sinalando que \u201cos negocios locais son unha parte esencial da nosa identidade e da nosa econom\u00eda, e merecen ter un espazo destacado na web municipal\u201d. Ademais, subli\u00f1ou que \u201ceste directorio \u00e9 unha ferramenta pensada para apoiar ao comercio e \u00e1s empresas de Zas, mellorar a s\u00faa visibilidade e achegalas tanto \u00e1 veci\u00f1anza como \u00e1s persoas que nos visitan\u201d.<\/p>\n\n\n\n<p>Mu\u00ed\u00f1o incidiu tam\u00e9n en que \u201ca nova web municipal non estar\u00eda completa sen a participaci\u00f3n activa do tecido empresarial, porque queremos que sexa un verdadeiro punto de encontro entre a cidadan\u00eda, o territorio e a actividade econ\u00f3mica\u201d.<\/p>\n\n\n\n<p>Todas as empresas, comercios e profesionais do municipio poden sumarse gratuitamente a este Directorio Empresarial na seguinte ligaz\u00f3n: <a href=\"https:\/\/forms.gle\/35W4b1DAnYLNCJj28\">https:\/\/forms.gle\/35W4b1DAnYLNCJj28<\/a><\/p>\n","protected":false},"excerpt":{"rendered":"<p>O Concello de Zas v\u00e9n de po\u00f1er en marcha un Directorio Empresarial dentro da renovada p\u00e1xina web municipal, unha iniciativa estrat\u00e9xica que ten como obxectivo reforzar a visibilidade, accesibilidade e promoci\u00f3n do tecido econ\u00f3mico local. Esta acci\u00f3n forma parte do proceso de renovaci\u00f3n integral da web municipal, no que o Concello realizou un importante esforzo [&hellip;]<\/p>\n","protected":false},"author":5,"featured_media":30356,"comment_status":"open","ping_status":"closed","sticky":false,"template":"","format":"standard","meta":{"slim_seo":{"title":"O Concello de Zas impulsa un Directorio Empresarial para dar visibilidade aos negocios locais na nova web municipal - Concello de Zas","description":"O Concello de Zas v\u00e9n de po\u00f1er en marcha un Directorio Empresarial dentro da renovada p\u00e1xina web municipal, unha iniciativa estrat\u00e9xica que ten como obxectivo r"},"footnotes":""},"categories":[10,414],"tags":[],"class_list":["post-30355","post","type-post","status-publish","format-standard","has-post-thumbnail","hentry","category-concello","category-emprego"],"_links":{"self":[{"href":"https:\/\/concellodezas.gal\/en\/wp-json\/wp\/v2\/posts\/30355","targetHints":{"allow":["GET"]}}],"collection":[{"href":"https:\/\/concellodezas.gal\/en\/wp-json\/wp\/v2\/posts"}],"about":[{"href":"https:\/\/concellodezas.gal\/en\/wp-json\/wp\/v2\/types\/post"}],"author":[{"embeddable":true,"href":"https:\/\/concellodezas.gal\/en\/wp-json\/wp\/v2\/users\/5"}],"replies":[{"embeddable":true,"href":"https:\/\/concellodezas.gal\/en\/wp-json\/wp\/v2\/comments?post=30355"}],"version-history":[{"count":1,"href":"https:\/\/concellodezas.gal\/en\/wp-json\/wp\/v2\/posts\/30355\/revisions"}],"predecessor-version":[{"id":30357,"href":"https:\/\/concellodezas.gal\/en\/wp-json\/wp\/v2\/posts\/30355\/revisions\/30357"}],"wp:featuredmedia":[{"embeddable":true,"href":"https:\/\/concellodezas.gal\/en\/wp-json\/wp\/v2\/media\/30356"}],"wp:attachment":[{"href":"https:\/\/concellodezas.gal\/en\/wp-json\/wp\/v2\/media?parent=30355"}],"wp:term":[{"taxonomy":"category","embeddable":true,"href":"https:\/\/concellodezas.gal\/en\/wp-json\/wp\/v2\/categories?post=30355"},{"taxonomy":"post_tag","embeddable":true,"href":"https:\/\/concellodezas.gal\/en\/wp-json\/wp\/v2\/tags?post=30355"}],"curies":[{"name":"wp","href":"https:\/\/api.w.org\/{rel}","templated":true}]}}