{"id":30350,"date":"2026-02-15T08:00:00","date_gmt":"2026-02-15T07:00:00","guid":{"rendered":"https:\/\/concellodezas.gal\/?p=30350"},"modified":"2026-02-14T18:15:54","modified_gmt":"2026-02-14T17:15:54","slug":"a-vecinanza-de-zas-sumase-a-chamada-do-concello-para-solucionar-a-falta-de-persoal-sanitario-nos-centros-de-saude","status":"publish","type":"post","link":"https:\/\/concellodezas.gal\/en\/a-vecinanza-de-zas-sumase-a-chamada-do-concello-para-solucionar-a-falta-de-persoal-sanitario-nos-centros-de-saude\/","title":{"rendered":"A veci\u00f1anza de Zas s\u00famase \u00e1 chamada do Concello para solucionar a falta de persoal sanitario nos centros de sa\u00fade"},"content":{"rendered":"\n<p>M\u00e1is dun centenar de veci\u00f1os e veci\u00f1as do concello de Zas acudiron\u00a0\u00e1\u00a0reuni\u00f3n convocada polo goberno municipal e deixaron clara a s\u00faa postura este venres ante os problemas derivados da falta de persoal sanitario no centro de sa\u00fade de Zas: piden que se normalice canto antes a cobertura da praza dun dos m\u00e9dicos titulares no centro de sa\u00fade de Zas e que se cubra a praza \u00a0de pediatr\u00eda.\u00a0<\/p>\n\n\n\n<p>Durante a reuni\u00f3n informativa&nbsp;que tivo lugar no Centro Sociocultural de&nbsp;Zas, o alcalde Manuel Mu\u00ed\u00f1o explicou ao p\u00fablico asistente que est\u00e1n traballando para solucionar o m\u00e1is pronto posible esta situaci\u00f3n que est\u00e1 tendo un impacto directo na atenci\u00f3n sanitaria da poboaci\u00f3n desde hai un par de meses.<\/p>\n\n\n\n<p>A primeira medida adoptada na xuntanza foi unha recollida de firmas para solicitar que se cubra de forma estable a praza de pediatra. \u201cA situaci\u00f3n que estamos a vivir no concello de Zas \u00e9 insostible e irrespectuosa\u201d, aclarou o rexedor, quen subli\u00f1ou que \u201centendemos que a falta de persoal sanitario non \u00e9 s\u00f3 un problema do noso concello pero o que non pode ser \u00e9 que os nosos menores te\u00f1an que trasladarse ata o centro m\u00e9dico dun concello lim\u00edtrofe como \u00e9 Vimianzo para que os atendan, tendo como temos unha praza de pediatra no noso concello sen cubrir\u201d.&nbsp;<\/p>\n\n\n\n<p>Pero \u00e1 falta de pediatra no municipio de Zas tam\u00e9n se unen as diferenzas\u00a0para pedir unha\u00a0cita\u00a0m\u00e9dica\u00a0en Vimianzo. \u201cOs\u00a0nosos veci\u00f1os s\u00f3 poden pedir cita telef\u00f3nica \u00a0pois non lles \u00e9 posible\u00a0facelo pola Internet\u00a0a diferenza\u00a0dos veci\u00f1os de Vimianzo,\u00a0que si te\u00f1en esa posibilidade\u201d, explicou o alcalde. En conversas co SERGAS para solucionar esta diferenza\u00a0de acceso,\u00a0o organismo\u00a0auton\u00f3mico\u00a0comunicou ao goberno local de Zas que isto\u00a0se debe ao\u00a0programa inform\u00e1tico\u00a0e que valorar\u00e1n se se poden dar as petici\u00f3ns de cita online para a veci\u00f1anza de Zas.<\/p>\n\n\n\n<p>Outra das situaci\u00f3ns que se abordaron durante a reuni\u00f3n informativa foi a regularizaci\u00f3n da praza dun dos m\u00e9dicos titulares no centro de sa\u00fade de Zas. Desde o goberno local sinalan que nas \u00faltimas semanas unha das prazas de m\u00e9dico do centro de sa\u00fade laboral de Zas\u00a0se cubre de xeito provisional por horas\u00a0e que mesmo\u00a0hai d\u00edas\u00a0nos que non hai posibilidade de consulta con ese m\u00e9dico. &#8220;Nun servizo esencial como \u00e9 o da sanidade p\u00fablica, e dentro desta, un servizo\u00a0fundamental como \u00e9 o da atenci\u00f3n primaria, esta situaci\u00f3n non se pode pospo\u00f1er m\u00e1is\u201d, destacou Mu\u00ed\u00f1o. O rexedor tam\u00e9n expuxo que\u00a0por informaci\u00f3ns dadas dende o SERGAS, o d\u00eda 23 deste mes este\u00a0problema estar\u00e1 solucionado. \u201cConfiaremos nesa marxe de espera pero estaremos vixiantes, pois esta situaci\u00f3n ten que mudar xa\u201d,\u00a0subli\u00f1ou.\u00a0\u00a0<\/p>\n\n\n\n<p>O alcalde agradeceu a participaci\u00f3n da veci\u00f1anza nesta reuni\u00f3n informativa e recalcou que co apoio amosado sempre pola\u00a0mesma\u00a0durante todos estes anos o\u00a0Concello tomar\u00e1 as medidas necesarias para que un dereito fundamental como \u00e9 a sanidade p\u00fablica no concello de Zas volva a normalidade.<\/p>\n\n\n\n<p><\/p>\n\n\n\n<figure class=\"wp-block-image\"><img fetchpriority=\"high\" decoding=\"async\" width=\"1600\" height=\"1200\" src=\"https:\/\/concellodezas.gal\/wp-content\/uploads\/2026\/02\/WhatsApp-Image-2026-02-14-at-18.08.32.jpeg\" alt=\"WhatsApp Image 2026 02 14 at 18.08.32\" class=\"wp-image-30351\" srcset=\"https:\/\/concellodezas.gal\/wp-content\/uploads\/2026\/02\/WhatsApp-Image-2026-02-14-at-18.08.32.jpeg 1600w, https:\/\/concellodezas.gal\/wp-content\/uploads\/2026\/02\/WhatsApp-Image-2026-02-14-at-18.08.32-300x225.jpeg 300w, https:\/\/concellodezas.gal\/wp-content\/uploads\/2026\/02\/WhatsApp-Image-2026-02-14-at-18.08.32-1024x768.jpeg 1024w, https:\/\/concellodezas.gal\/wp-content\/uploads\/2026\/02\/WhatsApp-Image-2026-02-14-at-18.08.32-768x576.jpeg 768w, https:\/\/concellodezas.gal\/wp-content\/uploads\/2026\/02\/WhatsApp-Image-2026-02-14-at-18.08.32-1536x1152.jpeg 1536w\" sizes=\"(max-width: 1600px) 100vw, 1600px\" \/><figcaption class=\"wp-element-caption\">WhatsApp Image 2026 02 14 at 18.08.32<\/figcaption><\/figure>\n\n\n\n<p><\/p>\n","protected":false},"excerpt":{"rendered":"<p>M\u00e1is dun centenar de veci\u00f1os e veci\u00f1as do concello de Zas acudiron\u00a0\u00e1\u00a0reuni\u00f3n convocada polo goberno municipal e deixaron clara a s\u00faa postura este venres ante os problemas derivados da falta de persoal sanitario no centro de sa\u00fade de Zas: piden que se normalice canto antes a cobertura da praza dun dos m\u00e9dicos titulares no centro [&hellip;]<\/p>\n","protected":false},"author":5,"featured_media":30351,"comment_status":"open","ping_status":"closed","sticky":false,"template":"","format":"standard","meta":{"slim_seo":{"description":"{{ post.auto_description } A veci\u00f1anza de Zas s\u00famase \u00e1 chamada do Concello para solucionar a falta de persoal sanitario nos centros de sa\u00fade","title":"A veci\u00f1anza de Zas s\u00famase \u00e1 chamada do Concello para solucionar a falta de persoal sanitario nos centros de sa\u00fade - Concello de Zas"},"footnotes":""},"categories":[412],"tags":[651],"class_list":["post-30350","post","type-post","status-publish","format-standard","has-post-thumbnail","hentry","category-servizos-sociais","tag-sanitario"],"_links":{"self":[{"href":"https:\/\/concellodezas.gal\/en\/wp-json\/wp\/v2\/posts\/30350","targetHints":{"allow":["GET"]}}],"collection":[{"href":"https:\/\/concellodezas.gal\/en\/wp-json\/wp\/v2\/posts"}],"about":[{"href":"https:\/\/concellodezas.gal\/en\/wp-json\/wp\/v2\/types\/post"}],"author":[{"embeddable":true,"href":"https:\/\/concellodezas.gal\/en\/wp-json\/wp\/v2\/users\/5"}],"replies":[{"embeddable":true,"href":"https:\/\/concellodezas.gal\/en\/wp-json\/wp\/v2\/comments?post=30350"}],"version-history":[{"count":1,"href":"https:\/\/concellodezas.gal\/en\/wp-json\/wp\/v2\/posts\/30350\/revisions"}],"predecessor-version":[{"id":30352,"href":"https:\/\/concellodezas.gal\/en\/wp-json\/wp\/v2\/posts\/30350\/revisions\/30352"}],"wp:featuredmedia":[{"embeddable":true,"href":"https:\/\/concellodezas.gal\/en\/wp-json\/wp\/v2\/media\/30351"}],"wp:attachment":[{"href":"https:\/\/concellodezas.gal\/en\/wp-json\/wp\/v2\/media?parent=30350"}],"wp:term":[{"taxonomy":"category","embeddable":true,"href":"https:\/\/concellodezas.gal\/en\/wp-json\/wp\/v2\/categories?post=30350"},{"taxonomy":"post_tag","embeddable":true,"href":"https:\/\/concellodezas.gal\/en\/wp-json\/wp\/v2\/tags?post=30350"}],"curies":[{"name":"wp","href":"https:\/\/api.w.org\/{rel}","templated":true}]}}