{"id":30337,"date":"2026-02-11T08:00:00","date_gmt":"2026-02-11T07:00:00","guid":{"rendered":"https:\/\/concellodezas.gal\/?p=30337"},"modified":"2026-02-10T16:05:43","modified_gmt":"2026-02-10T15:05:43","slug":"o-concello-de-zas-convoca-a-vecinanza-para-abordar-a-situacion-do-centro-de-saude-de-zas-pola-falta-de-persoal-sanitario","status":"publish","type":"post","link":"https:\/\/concellodezas.gal\/en\/o-concello-de-zas-convoca-a-vecinanza-para-abordar-a-situacion-do-centro-de-saude-de-zas-pola-falta-de-persoal-sanitario\/","title":{"rendered":"O Concello de Zas convoca \u00e1 veci\u00f1anza para abordar a situaci\u00f3n do Centro de Sa\u00fade de Zas pola falta de persoal sanitario"},"content":{"rendered":"\n<p>O Concello de Zas convoca \u00e1 veci\u00f1anza a unha reuni\u00f3n informativa que se celebrar\u00e1 este venres, 13 de febreiro, \u00e1s 20:00 horas no Centro Sociocultural de Zas, co obxectivo de analizar a situaci\u00f3n actual do Centro de Sa\u00fade de Zas, que nos \u00faltimos meses v\u00e9n sufrindo importantes dificultades derivadas da marcha dun dos m\u00e9dicos titulares e da ausencia de pediatra.<\/p>\n\n\n\n<p><br>Esta falta de profesionais na zona de Zas est\u00e1 a ter un impacto directo na atenci\u00f3n sanitaria que recibe a poboaci\u00f3n, provocando un alongamento significativo dos prazos para obter cita m\u00e9dica, as\u00ed como problemas recorrentes para cubrir as suplencias necesarias. Unha situaci\u00f3n que est\u00e1 a xerar inquietude e malestar entre a veci\u00f1anza, especialmente entre os colectivos m\u00e1is vulnerables.<\/p>\n\n\n\n<p><br>Desde o goberno local liderado por Manuel Mu\u00ed\u00f1o consid\u00e9rase que a situaci\u00f3n \u00e9 preocupante e insostible no tempo, polo que se fai necesario abrir un espazo de di\u00e1logo coa cidadan\u00eda para informar con transparencia, recoller achegas e valorar conxuntamente as medidas que se deban adoptar para reclamar unha soluci\u00f3n efectiva \u00e1s administraci\u00f3ns competentes.<\/p>\n\n\n\n<p><br>Neste sentido, Mu\u00ed\u00f1o asegura que \u201ca sanidade p\u00fablica \u00e9 un servizo esencial e non podemos permitir que o noso Centro de Sa\u00fade siga perdendo recursos sen que se dean respostas claras\u201d. Segundo explica o rexedor, \u201ca marcha dun m\u00e9dico titular e a falta de pediatra est\u00e1n a sobrecargar o servizo existente e a obrigar \u00e1 veci\u00f1anza a esperar m\u00e1is do razoable para ser atendida\u201d.<\/p>\n\n\n\n<p><br>Mu\u00ed\u00f1o lembra que \u201cnon se trata dun problema puntual, sen\u00f3n dunha situaci\u00f3n que se est\u00e1 a prolongar no tempo sen que as suplencias cheguen con regularidade\u201d, e advirte de que \u201cisto est\u00e1 a xerar unha sensaci\u00f3n de abandono que desde o Concello non podemos aceptar\u201d.<\/p>\n\n\n\n<p><br>O alcalde subli\u00f1a tam\u00e9n que \u201c\u00e9 fundamental contar coa implicaci\u00f3n da veci\u00f1anza, porque s\u00f3 desde a uni\u00f3n e a participaci\u00f3n activa poderemos reclamar soluci\u00f3ns firmes e duradeiras\u201d, facendo as\u00ed un chamamento \u00e1 veci\u00f1anza para que asista \u00e1 convocatoria deste venres.<\/p>\n","protected":false},"excerpt":{"rendered":"<p>O Concello de Zas convoca \u00e1 veci\u00f1anza a unha reuni\u00f3n informativa que se celebrar\u00e1 este venres, 13 de febreiro, \u00e1s 20:00 horas no Centro Sociocultural de Zas, co obxectivo de analizar a situaci\u00f3n actual do Centro de Sa\u00fade de Zas, que nos \u00faltimos meses v\u00e9n sufrindo importantes dificultades derivadas da marcha dun dos m\u00e9dicos titulares [&hellip;]<\/p>\n","protected":false},"author":5,"featured_media":30338,"comment_status":"open","ping_status":"closed","sticky":false,"template":"","format":"standard","meta":{"slim_seo":{"title":"O Concello de Zas convoca \u00e1 veci\u00f1anza para abordar a situaci\u00f3n do Centro de Sa\u00fade de Zas pola falta de persoal sanitario - Concello de Zas","description":"O Concello de Zas convoca \u00e1 veci\u00f1anza a unha reuni\u00f3n informativa que se celebrar\u00e1 este venres, 13 de febreiro, \u00e1s 20:00 horas no Centro Sociocultural de Zas, co"},"footnotes":""},"categories":[10,412],"tags":[],"class_list":["post-30337","post","type-post","status-publish","format-standard","has-post-thumbnail","hentry","category-concello","category-servizos-sociais"],"_links":{"self":[{"href":"https:\/\/concellodezas.gal\/en\/wp-json\/wp\/v2\/posts\/30337","targetHints":{"allow":["GET"]}}],"collection":[{"href":"https:\/\/concellodezas.gal\/en\/wp-json\/wp\/v2\/posts"}],"about":[{"href":"https:\/\/concellodezas.gal\/en\/wp-json\/wp\/v2\/types\/post"}],"author":[{"embeddable":true,"href":"https:\/\/concellodezas.gal\/en\/wp-json\/wp\/v2\/users\/5"}],"replies":[{"embeddable":true,"href":"https:\/\/concellodezas.gal\/en\/wp-json\/wp\/v2\/comments?post=30337"}],"version-history":[{"count":1,"href":"https:\/\/concellodezas.gal\/en\/wp-json\/wp\/v2\/posts\/30337\/revisions"}],"predecessor-version":[{"id":30339,"href":"https:\/\/concellodezas.gal\/en\/wp-json\/wp\/v2\/posts\/30337\/revisions\/30339"}],"wp:featuredmedia":[{"embeddable":true,"href":"https:\/\/concellodezas.gal\/en\/wp-json\/wp\/v2\/media\/30338"}],"wp:attachment":[{"href":"https:\/\/concellodezas.gal\/en\/wp-json\/wp\/v2\/media?parent=30337"}],"wp:term":[{"taxonomy":"category","embeddable":true,"href":"https:\/\/concellodezas.gal\/en\/wp-json\/wp\/v2\/categories?post=30337"},{"taxonomy":"post_tag","embeddable":true,"href":"https:\/\/concellodezas.gal\/en\/wp-json\/wp\/v2\/tags?post=30337"}],"curies":[{"name":"wp","href":"https:\/\/api.w.org\/{rel}","templated":true}]}}