{"id":30334,"date":"2026-02-09T16:24:50","date_gmt":"2026-02-09T15:24:50","guid":{"rendered":"https:\/\/concellodezas.gal\/?p=30334"},"modified":"2026-02-09T16:24:51","modified_gmt":"2026-02-09T15:24:51","slug":"preto-de-80-participantes-na-nova-edicion-do-programa-da-universidade-senior-da-udc-na-costa-da-morte","status":"publish","type":"post","link":"https:\/\/concellodezas.gal\/en\/preto-de-80-participantes-na-nova-edicion-do-programa-da-universidade-senior-da-udc-na-costa-da-morte\/","title":{"rendered":"Preto de 80 participantes na nova edici\u00f3n do programa da Universidade S\u00e9nior da UDC na Costa da Morte"},"content":{"rendered":"\n<p>Ma\u00f1\u00e1, martes 10 de febreiro, \u00e1s 17:00 horas, ter\u00e1 lugar no Centro Sociocultural de Baio a inauguraci\u00f3n da 8\u00aa edici\u00f3n do Programa de Democratizaci\u00f3n do Co\u00f1ecemento da Universidade S\u00e9nior da Universidade da Coru\u00f1a, dirixido a persoas maiores de 50 anos da Costa da Morte. Zas foi o primeiro concello da comarca en contar con este programa, que ata ese momento s\u00f3 se impart\u00eda nas cidades da Coru\u00f1a e Ferrol. Nesta nova edici\u00f3n, preto de 80 participantes toman parte nesta iniciativa educativa. <\/p>\n\n\n\n<p>A Universidade S\u00e9nior, o Programa Universitario para Maiores de 50 anos da Universidade da Coru\u00f1a, pon as\u00ed en marcha unha nova edici\u00f3n deste programa de formaci\u00f3n universitaria espec\u00edfico, que conta coa financiaci\u00f3n da Xunta de Galicia e coa colaboraci\u00f3n do Grupo de Desenvolvemento Rural (GDR) Costa da Morte e do Concello de Zas. <\/p>\n\n\n\n<p>As sesi\u00f3ns desenvolveranse durante os meses de febreiro e marzo no Centro Sociocultural de Baio (Zas) e contan cun total de 79 persoas inscritas, procedentes dos concellos de Cabana de Berganti\u00f1os, Coristanco, Laxe, Vimianzo e Zas. O programa estrut\u00farase en tres m\u00f3dulos, compostos por sesi\u00f3ns te\u00f3ricas impartidas por profesorado da Universidade da Coru\u00f1a. As actividades celebraranse dous d\u00edas \u00e1 semana, en horario de 17:00 a 19:00 horas, e abordar\u00e1n unha ampla variedade de tem\u00e1ticas de interese social, cultural, cient\u00edfico e sanitario. <\/p>\n\n\n\n<p>Ao acto de inauguraci\u00f3n asistir\u00e1n a directora, Matilde Garc\u00eda S\u00e1nchez, a adxunta \u00e1 direcci\u00f3n da Universidade S\u00e9nior da UDC, Susana Iglesias Antelo, e o alcalde de Zas e presidente do GDR \u201cCosta da Morte\u201d, Manuel Mu\u00ed\u00f1o Espasand\u00edn. <\/p>\n\n\n\n<p><strong>M\u00d3DULO I. HUMANIDADES E CIENCIAS SOCIAIS<\/strong><\/p>\n\n\n\n<p>\u2022 10 de febreiro: \u201cO xigante esperto: China, a gran desco\u00f1ecida\u201d, do prof. Iv\u00e1n Nieto Cerdeiri\u00f1a <\/p>\n\n\n\n<p>\u2022 11 de febreiro: \u201cArte de vangarda: manual de instruci\u00f3ns\u201d, do prof. Fernando Agrasar Quiroga <\/p>\n\n\n\n<p>\u2022 24 de febreiro: \u201cA xustiza penal en Espa\u00f1a: mitos e realidades\u201d, da profa. Eva M\u00aa Souto Garc\u00eda e o prof. J. Antonio Ramos V\u00e1zquez <\/p>\n\n\n\n<p><strong>M\u00d3DULO II. CIENCIAS DA TERRA E TECNOLOX\u00cdA<\/strong> <\/p>\n\n\n\n<p>\u2022 3 de marzo: \u201cA revoluci\u00f3n dixital na xesti\u00f3n da auga\u201d, do prof. Antonio J. D\u00edaz Longueira <\/p>\n\n\n\n<p>\u2022 4 de marzo: \u201cO coche do futuro moverase con hidr\u00f3xeno?\u201d, da profa. Socorro Castro Garc\u00eda <\/p>\n\n\n\n<p>\u2022 10 de marzo: \u201cEnerx\u00edas renovables e transici\u00f3n ecol\u00f3xica: o papel da cidadan\u00eda\u201d, da profa. Luc\u00eda Paz Aldrey <\/p>\n\n\n\n<p><strong>M\u00d3DULO III. CIENCIAS DA VIDA E DA SA\u00daDE<\/strong> <\/p>\n\n\n\n<p>\u2022 17 de marzo: \u201cCerebro: memoria, sono e rock and roll\u201d, do prof. Casto Rivadulla Fern\u00e1ndez <\/p>\n\n\n\n<p>\u2022 18 de marzo: \u201cEvoluci\u00f3n ou extinci\u00f3n: eu decido\u201d, da profa. Esther Fern\u00e1ndez Fern\u00e1ndez <\/p>\n\n\n\n<p>\u2022 24 de marzo: \u201cCambio clim\u00e1tico: causas, consecuencias e soluci\u00f3ns\u201d, do prof. Salvador Foj\u00f3n Polanco <\/p>\n\n\n\n<p>Con este programa, a Universidade S\u00e9nior reafirma o seu compromiso de achegar a formaci\u00f3n universitaria \u00e1s persoas maiores de 50 anos das comarcas da Costa da Morte, dando resposta \u00e1s s\u00faas inquedanzas e necesidades formativas desde a posta en marcha desta iniciativa no ano 2018.<\/p>\n","protected":false},"excerpt":{"rendered":"<p>Ma\u00f1\u00e1, martes 10 de febreiro, \u00e1s 17:00 horas, ter\u00e1 lugar no Centro Sociocultural de Baio a inauguraci\u00f3n da 8\u00aa edici\u00f3n do Programa de Democratizaci\u00f3n do Co\u00f1ecemento da Universidade S\u00e9nior da Universidade da Coru\u00f1a, dirixido a persoas maiores de 50 anos da Costa da Morte. Zas foi o primeiro concello da comarca en contar con este [&hellip;]<\/p>\n","protected":false},"author":5,"featured_media":30335,"comment_status":"open","ping_status":"closed","sticky":false,"template":"","format":"standard","meta":{"slim_seo":{"title":"Preto de 80 participantes na nova edici\u00f3n do programa da Universidade S\u00e9nior da UDC na Costa da Morte - Concello de Zas","description":"Ma\u00f1\u00e1, martes 10 de febreiro, \u00e1s 17:00 horas, ter\u00e1 lugar no Centro Sociocultural de Baio a inauguraci\u00f3n da 8\u00aa edici\u00f3n do Programa de Democratizaci\u00f3n do Co\u00f1ecemen"},"footnotes":""},"categories":[10,413],"tags":[],"class_list":["post-30334","post","type-post","status-publish","format-standard","has-post-thumbnail","hentry","category-concello","category-cultura-e-deportes"],"_links":{"self":[{"href":"https:\/\/concellodezas.gal\/en\/wp-json\/wp\/v2\/posts\/30334","targetHints":{"allow":["GET"]}}],"collection":[{"href":"https:\/\/concellodezas.gal\/en\/wp-json\/wp\/v2\/posts"}],"about":[{"href":"https:\/\/concellodezas.gal\/en\/wp-json\/wp\/v2\/types\/post"}],"author":[{"embeddable":true,"href":"https:\/\/concellodezas.gal\/en\/wp-json\/wp\/v2\/users\/5"}],"replies":[{"embeddable":true,"href":"https:\/\/concellodezas.gal\/en\/wp-json\/wp\/v2\/comments?post=30334"}],"version-history":[{"count":1,"href":"https:\/\/concellodezas.gal\/en\/wp-json\/wp\/v2\/posts\/30334\/revisions"}],"predecessor-version":[{"id":30336,"href":"https:\/\/concellodezas.gal\/en\/wp-json\/wp\/v2\/posts\/30334\/revisions\/30336"}],"wp:featuredmedia":[{"embeddable":true,"href":"https:\/\/concellodezas.gal\/en\/wp-json\/wp\/v2\/media\/30335"}],"wp:attachment":[{"href":"https:\/\/concellodezas.gal\/en\/wp-json\/wp\/v2\/media?parent=30334"}],"wp:term":[{"taxonomy":"category","embeddable":true,"href":"https:\/\/concellodezas.gal\/en\/wp-json\/wp\/v2\/categories?post=30334"},{"taxonomy":"post_tag","embeddable":true,"href":"https:\/\/concellodezas.gal\/en\/wp-json\/wp\/v2\/tags?post=30334"}],"curies":[{"name":"wp","href":"https:\/\/api.w.org\/{rel}","templated":true}]}}