{"id":30284,"date":"2026-01-29T08:00:00","date_gmt":"2026-01-29T07:00:00","guid":{"rendered":"https:\/\/concellodezas.gal\/?p=30284"},"modified":"2026-01-28T13:59:23","modified_gmt":"2026-01-28T12:59:23","slug":"zas-acollera-en-febreiro-e-marzo-a-oitava-edicion-da-universidade-senior-da-costa-da-morte","status":"publish","type":"post","link":"https:\/\/concellodezas.gal\/en\/zas-acollera-en-febreiro-e-marzo-a-oitava-edicion-da-universidade-senior-da-costa-da-morte\/","title":{"rendered":"Zas acoller\u00e1 en febreiro e marzo a oitava edici\u00f3n da Universidade S\u00e9nior da Costa da Morte"},"content":{"rendered":"\n<p>O Concello de Zas informa da apertura do prazo de inscrici\u00f3n para a oitava edici\u00f3n da Universidade S\u00e9nior da Coru\u00f1a na Costa da Morte, un programa universitario dirixido a persoas maiores de 50 anos que se desenvolver\u00e1 ao longo do ano 2026 no municipio.<\/p>\n\n\n\n<p>Zas foi ademais o primeiro concello no que se iniciou o proceso de descentralizaci\u00f3n da Universidade S\u00e9nior, un programa que inicialmente s\u00f3 se impart\u00eda nas cidades da Coru\u00f1a e Ferrol, convert\u00e9ndose as\u00ed nun referente na extensi\u00f3n desta iniciativa ao \u00e1mbito rural e a outros territorios da provincia.<\/p>\n\n\n\n<p>As sesi\u00f3ns ter\u00e1n lugar durante os meses de febreiro e marzo no Centro Sociocultural de Baio, e ser\u00e1n impartidas por profesorado da Universidade da Coru\u00f1a (UDC). O programa estrut\u00farase en tres grandes m\u00f3dulos: Humanidades e Ciencias Sociais, Ciencias da Terra e Tecnolox\u00eda e Ciencias da Vida e da Sa\u00fade, ofrecendo unha formaci\u00f3n variada e adaptada aos intereses do alumnado.<\/p>\n\n\n\n<p>O prazo de inscrici\u00f3n, totalmente gratu\u00edto, permanecer\u00e1 aberto ata o 5 de febreiro. As clases desenvolveranse en horario de 17:00 a 19:00 horas, dous d\u00edas \u00e1 semana. As persoas interesadas poder\u00e1n formalizar a s\u00faa inscrici\u00f3n de maneira online a trav\u00e9s da p\u00e1xina web <a href=\"https:\/\/universidadesenior.org\/costa-da-morte\/\" title=\"https:\/\/universidadesenior.org\/costa-da-morte\/\">https:\/\/universidadesenior.org\/costa-da-morte\/<\/a> ou de forma presencial a trav\u00e9s dos Axentes de Desenvolvemento Local dos concellos participantes.<\/p>\n\n\n\n<p>A Universidade S\u00e9nior consolidouse nos \u00faltimos anos como un programa de gran \u00e9xito no Concello de Zas, contando non s\u00f3 coa participaci\u00f3n da veci\u00f1anza do municipio, sen\u00f3n tam\u00e9n de persoas procedentes doutros concellos da contorna. Na pasada edici\u00f3n rexistr\u00e1ronse m\u00e1is de 60 persoas inscritas, unhas cifras de participaci\u00f3n moi elevadas tendo en conta o tama\u00f1o e a poboaci\u00f3n do concello, e mesmo superiores \u00e1s doutros municipios da comarca e doutros con maior n\u00famero de habitantes.<\/p>\n\n\n\n<p>O alcalde de Zas, Manuel Mu\u00ed\u00f1o, destacou a importancia desta iniciativa sinalando que \u201ca Universidade S\u00e9nior \u00e9 un exemplo de como o acceso ao co\u00f1ecemento non entende de idades e de como desde Zas somos quen de ofrecer programas de calidade que atraen participaci\u00f3n m\u00e1is al\u00e1 do noso propio concello\u201d. O rexedor engadiu que \u201cestes datos de inscrici\u00f3n e asistencia amosan o interese da cidadan\u00eda por seguir aprendendo e compartindo experiencias, e supo\u00f1en tam\u00e9n un orgullo para Zas pola s\u00faa capacidade de dinamizaci\u00f3n social e cultural\u201d.<\/p>\n","protected":false},"excerpt":{"rendered":"<p>O Concello de Zas informa da apertura do prazo de inscrici\u00f3n para a oitava edici\u00f3n da Universidade S\u00e9nior da Coru\u00f1a na Costa da Morte, un programa universitario dirixido a persoas maiores de 50 anos que se desenvolver\u00e1 ao longo do ano 2026 no municipio. Zas foi ademais o primeiro concello no que se iniciou o [&hellip;]<\/p>\n","protected":false},"author":5,"featured_media":30285,"comment_status":"open","ping_status":"closed","sticky":false,"template":"","format":"standard","meta":{"slim_seo":{"title":"Zas acoller\u00e1 en febreiro e marzo a oitava edici\u00f3n da Universidade S\u00e9nior da Costa da Morte - Concello de Zas","description":"O Concello de Zas informa da apertura do prazo de inscrici\u00f3n para a oitava edici\u00f3n da Universidade S\u00e9nior da Coru\u00f1a na Costa da Morte, un programa universitario"},"footnotes":""},"categories":[10,413],"tags":[],"class_list":["post-30284","post","type-post","status-publish","format-standard","has-post-thumbnail","hentry","category-concello","category-cultura-e-deportes"],"_links":{"self":[{"href":"https:\/\/concellodezas.gal\/en\/wp-json\/wp\/v2\/posts\/30284","targetHints":{"allow":["GET"]}}],"collection":[{"href":"https:\/\/concellodezas.gal\/en\/wp-json\/wp\/v2\/posts"}],"about":[{"href":"https:\/\/concellodezas.gal\/en\/wp-json\/wp\/v2\/types\/post"}],"author":[{"embeddable":true,"href":"https:\/\/concellodezas.gal\/en\/wp-json\/wp\/v2\/users\/5"}],"replies":[{"embeddable":true,"href":"https:\/\/concellodezas.gal\/en\/wp-json\/wp\/v2\/comments?post=30284"}],"version-history":[{"count":1,"href":"https:\/\/concellodezas.gal\/en\/wp-json\/wp\/v2\/posts\/30284\/revisions"}],"predecessor-version":[{"id":30286,"href":"https:\/\/concellodezas.gal\/en\/wp-json\/wp\/v2\/posts\/30284\/revisions\/30286"}],"wp:featuredmedia":[{"embeddable":true,"href":"https:\/\/concellodezas.gal\/en\/wp-json\/wp\/v2\/media\/30285"}],"wp:attachment":[{"href":"https:\/\/concellodezas.gal\/en\/wp-json\/wp\/v2\/media?parent=30284"}],"wp:term":[{"taxonomy":"category","embeddable":true,"href":"https:\/\/concellodezas.gal\/en\/wp-json\/wp\/v2\/categories?post=30284"},{"taxonomy":"post_tag","embeddable":true,"href":"https:\/\/concellodezas.gal\/en\/wp-json\/wp\/v2\/tags?post=30284"}],"curies":[{"name":"wp","href":"https:\/\/api.w.org\/{rel}","templated":true}]}}