{"id":30254,"date":"2026-01-28T08:00:00","date_gmt":"2026-01-28T07:00:00","guid":{"rendered":"https:\/\/concellodezas.gal\/?p=30254"},"modified":"2026-01-27T12:06:51","modified_gmt":"2026-01-27T11:06:51","slug":"a-real-academia-galega-e-o-concello-de-zas-presentan-o-libro-toponimia-de-zas","status":"publish","type":"post","link":"https:\/\/concellodezas.gal\/en\/a-real-academia-galega-e-o-concello-de-zas-presentan-o-libro-toponimia-de-zas\/","title":{"rendered":"A Real Academia Galega e o Concello de Zas presentan o libro \u2018Toponimia de Zas\u2019"},"content":{"rendered":"\n<p>A Real Academia Galega e o Concello de Zas presentar\u00e1n o vindeiro venres, 6 de febreiro, \u00e1s 20:00 horas, a obra \u2018Toponimia de Zas\u2019, da autor\u00eda de Xos\u00e9 Mar\u00eda Lema Su\u00e1rez. O acto ter\u00e1 lugar no Auditorio de Baio, con acceso libre ata completar a capacidade da sala.<\/p>\n\n\n\n<p>Xos\u00e9 Mar\u00eda Lema Su\u00e1rez \u00e9 un autor vencellado de maneira continuada ao Concello de Zas e \u00e9, xunto con Evaristo Dom\u00ednguez, coautor do libro \u2018Zas polo Mi\u00fado\u2019. Ambos os dous son colaboradores do Concello de Zas participando en distintos proxectos culturais e editoriais ligados \u00e1 posta en valor da historia, da lingua e do patrimonio local.<\/p>\n\n\n\n<p>Esta nova publicaci\u00f3n conv\u00e9rtese no sexto libro impulsado co apoio do Concello de Zas, sumando tanto as edici\u00f3ns propias como as colaboraci\u00f3ns municipais en proxectos editoriais, unha li\u00f1a de traballo que reflicte o compromiso coa promoci\u00f3n da cultura e da lingua galega.<\/p>\n\n\n\n<p>No acto intervir\u00e1n, ademais do autor, presentado por Evaristo Dom\u00ednguez, o alcalde de Zas, Manuel Mu\u00ed\u00f1o Espasand\u00edn; Ant\u00f3n Santamarina, membro do Seminario de Onom\u00e1stica da Real Academia Galega; e Ana Boull\u00f3n, da Asociaci\u00f3n Galega de Onom\u00e1stica.<\/p>\n\n\n\n<p>\u2018Toponimia de Zas\u2019 forma parte da colecci\u00f3n Terra Nomeada da Asociaci\u00f3n Galega de Onom\u00e1stica da Real Academia Galega e afonda nas orixes etimol\u00f3xicas de 117 lugares e m\u00e1is de 20 espazos xeogr\u00e1ficos da comarca da Terra de Soneira, contribu\u00edndo \u00e1 preservaci\u00f3n e difusi\u00f3n do patrimonio inmaterial do territorio.<\/p>\n\n\n\n<p>O alcalde de Zas, Manuel Mu\u00ed\u00f1o, destacou que \u201cacci\u00f3ns coma esta amosan o compromiso do Concello por promover a cultura galega e a posta en valor da nosa lingua\u201d, animando \u00e1 veci\u00f1anza a participar neste acto e a co\u00f1ecer m\u00e1is a fondo a historia e o significado dos nomes da s\u00faa terra.<\/p>\n\n\n\n<p><\/p>\n","protected":false},"excerpt":{"rendered":"<p>A Real Academia Galega e o Concello de Zas presentar\u00e1n o vindeiro venres, 6 de febreiro, \u00e1s 20:00 horas, a obra \u2018Toponimia de Zas\u2019, da autor\u00eda de Xos\u00e9 Mar\u00eda Lema Su\u00e1rez. O acto ter\u00e1 lugar no Auditorio de Baio, con acceso libre ata completar a capacidade da sala. Xos\u00e9 Mar\u00eda Lema Su\u00e1rez \u00e9 un autor [&hellip;]<\/p>\n","protected":false},"author":5,"featured_media":30255,"comment_status":"open","ping_status":"closed","sticky":false,"template":"","format":"standard","meta":{"slim_seo":{"title":"A Real Academia Galega e o Concello de Zas presentan o libro \u2018Toponimia de Zas\u2019 - Concello de Zas","description":"A Real Academia Galega e o Concello de Zas presentar\u00e1n o vindeiro venres, 6 de febreiro, \u00e1s 20:00 horas, a obra \u2018Toponimia de Zas\u2019, da autor\u00eda de Xos\u00e9 Mar\u00eda Lem"},"footnotes":""},"categories":[10,413],"tags":[],"class_list":["post-30254","post","type-post","status-publish","format-standard","has-post-thumbnail","hentry","category-concello","category-cultura-e-deportes"],"_links":{"self":[{"href":"https:\/\/concellodezas.gal\/en\/wp-json\/wp\/v2\/posts\/30254","targetHints":{"allow":["GET"]}}],"collection":[{"href":"https:\/\/concellodezas.gal\/en\/wp-json\/wp\/v2\/posts"}],"about":[{"href":"https:\/\/concellodezas.gal\/en\/wp-json\/wp\/v2\/types\/post"}],"author":[{"embeddable":true,"href":"https:\/\/concellodezas.gal\/en\/wp-json\/wp\/v2\/users\/5"}],"replies":[{"embeddable":true,"href":"https:\/\/concellodezas.gal\/en\/wp-json\/wp\/v2\/comments?post=30254"}],"version-history":[{"count":1,"href":"https:\/\/concellodezas.gal\/en\/wp-json\/wp\/v2\/posts\/30254\/revisions"}],"predecessor-version":[{"id":30256,"href":"https:\/\/concellodezas.gal\/en\/wp-json\/wp\/v2\/posts\/30254\/revisions\/30256"}],"wp:featuredmedia":[{"embeddable":true,"href":"https:\/\/concellodezas.gal\/en\/wp-json\/wp\/v2\/media\/30255"}],"wp:attachment":[{"href":"https:\/\/concellodezas.gal\/en\/wp-json\/wp\/v2\/media?parent=30254"}],"wp:term":[{"taxonomy":"category","embeddable":true,"href":"https:\/\/concellodezas.gal\/en\/wp-json\/wp\/v2\/categories?post=30254"},{"taxonomy":"post_tag","embeddable":true,"href":"https:\/\/concellodezas.gal\/en\/wp-json\/wp\/v2\/tags?post=30254"}],"curies":[{"name":"wp","href":"https:\/\/api.w.org\/{rel}","templated":true}]}}