{"id":30113,"date":"2025-12-10T13:24:29","date_gmt":"2025-12-10T12:24:29","guid":{"rendered":"https:\/\/concellodezas.gal\/zas-presenta-un-nadal-cargado-de-actividades-e-impulsa-o-seu-campamento-gratuito-ao-servizo-de-todas-as-familias\/"},"modified":"2026-01-16T07:59:38","modified_gmt":"2026-01-16T06:59:38","slug":"zas-presenta-un-nadal-cargado-de-actividades-e-impulsa-o-seu-campamento-gratuito-ao-servizo-de-todas-as-familias","status":"publish","type":"post","link":"https:\/\/concellodezas.gal\/en\/zas-presenta-un-nadal-cargado-de-actividades-e-impulsa-o-seu-campamento-gratuito-ao-servizo-de-todas-as-familias\/","title":{"rendered":"Zas presenta un Nadal cargado de actividades e impulsa o seu campamento gratu\u00edto ao servizo de todas as familias"},"content":{"rendered":"<p>O Concello de Zas presenta a s\u00faa programaci\u00f3n especial de Nadal, unha das m\u00e1is completas e accesibles da comarca, que combina cultura, tradici\u00f3n, lecer educativo e conciliaci\u00f3n familiar. A proposta municipal destaca pola s\u00faa ampla variedade de actividades e, sobre todo, polo ofrecemento dun campamento de Nadal totalmente gratu\u00edto, unha iniciativa que diferencia ao concello e que responde \u00e1 aposta firme por favorecer \u00e1s familias.<\/p>\n<p>O alcalde de Zas, Manuel Mu\u00ed\u00f1o, subli\u00f1a que \u201cesta programaci\u00f3n busca que ningu\u00e9n quede atr\u00e1s no acceso \u00e1 cultura e ao lecer. Queremos un Nadal para todos e todas, no que Zas volva demostrar que \u00e9 un concello vivo, din\u00e1mico e orgulloso do que ofrece\u201d.<\/p>\n<p><strong>Propostas culturais para todas as idades<\/strong><\/p>\n<p>A programaci\u00f3n dar\u00e1 comezo o 13 de decembro nas Torres do Allo cun obradoiro de elaboraci\u00f3n de Bolas de Vancouver \u00e1s 16:00 horas e co espect\u00e1culo \u2018Un saco de contos\u2019, interpretado por \u00c1ngeles Go\u00e1s, \u00e1s 17:30 horas.<\/p>\n<p>O 15 de decembro ser\u00e1 a quenda do contacontos infantil \u2018O que non sab\u00edas do Nadal\u2019, a cargo de Os Rati\u00f1os de Lonxedetodo. Ser\u00e1 na Axencia de Lectura de Baio a partir das 18:00 horas. Este mesmo contacontos celebrarase o d\u00eda seguinte, o 16 de decembro, na Biblioteca Municipal de Zas a partir das 18:30 horas.<\/p>\n<p>O d\u00eda 17, o Auditorio de Baio converterase no escenario das funci\u00f3ns escolares da obra \u2018Charlat\u00e1n Rodr\u00edguez\u2019, da compa\u00f1\u00eda Culturactiva Produci\u00f3ns. \u00c1s 10:30 horas acudir\u00e1 o alumnado do CPI de Zas e \u00e1s 12:30 horas o alumnado do CEIP Labarta Pose.<\/p>\n<p>A programaci\u00f3n continuar\u00e1 o 18 de decembro, co contacontos para beb\u00e9s \u2018Contos Miudi\u00f1os\u2019, espect\u00e1culo a cargo de Marisa Irimia programado na Escola Infantil A Gali\u00f1a Azul de Zas a partir das 10:30 horas. Xa pola tarde, \u00e1s 18:00 horas, celebrarase o Festival de Nadal da Escola de M\u00fasica Moderna no Centro Sociocultural de Zas.<\/p>\n<p>Os d\u00edas 20 e 21 de decembro, a praza Jorge Mira acoller\u00e1 o Mercado Artes\u00e1n de Nadal. O s\u00e1bado abrir\u00e1 de 11:00 a 22:00 horas e incluir\u00e1 unha sesi\u00f3n de narraci\u00f3n oral con Celso Sanmart\u00edn \u00e1s 19:30 horas. O domingo estar\u00e1 aberto de 10:00 a 19:00 horas e contar\u00e1 cunha sesi\u00f3n verm\u00fa con \u2018O Tren da Unha\u2019 \u00e1s 13:30 horas, un espect\u00e1culo de maxia con O Mago Paco \u00e1s 17:00 horas e a visita de Papa Noel \u00e1s 18:00 horas. Nesa mesma xornada, o Centro Sociocultural de Zas tam\u00e9n recibir\u00e1 O Mago Paco \u00e1s 12:00 horas e a Papa Noel a partir das 13:00 horas.<\/p>\n<p>O 27 de decembro, celebrarase o recibimento ao Apalpador en Carreira \u00e1s 16:00 horas. A visita incluir\u00e1 obradoiros de co\u00f1ecemento da natureza, unha visita guiada \u00e1 aldea e a actuaci\u00f3n dos Gaiteiros de Chur\u00eda. Pola noite, Baio vivir\u00e1 a s\u00faa festa de pre fin de ano \u00e1s 22:30 horas na praza Jorge Mira, cun concerto de Los Jinetes del Tr\u00f3pico e Mal Juicio.<\/p>\n<p>A maxia continuar\u00e1 en xaneiro coa visita dos Reis Magos, que percorrer\u00e1n o municipio os d\u00edas 3 e 4 como antesala do d\u00eda das cabalgatas do d\u00eda 5 de xaneiro. En Baio comezar\u00e1 \u00e1s 18:00 horas, con recepci\u00f3n real e actuaci\u00f3n de Peter Punk, e en Zas \u00e1s 18:30 horas, cun espect\u00e1culo de Jack Johnson &amp; John Jackson. As d\u00faas finalizar\u00e1n cunha chocolatada para as familias.<\/p>\n<p>A actividade cultural prolongarase ata finais de xaneiro. O 10 de xaneiro, o Auditorio de Zas acoller\u00e1 a obra \u2018O Proceso\u2019, de Malasombra Produci\u00f3ns, \u00e1s 20:30 horas. E xa o 24 de xaneiro, o Auditorio de Baio recibir\u00e1 \u2018Neura\u2019, de Teatro de Ste Xeito Produci\u00f3ns, tam\u00e9n \u00e1s 20:30 horas.<\/p>\n<p><strong>Campamentos e obradoiros ao alcance da veci\u00f1anza<\/strong><\/p>\n<p>Xunto \u00e1 programaci\u00f3n cultural, o Concello de Zas reforza a s\u00faa aposta pola conciliaci\u00f3n cunha ampla oferta de obradoiros e un campamento de Nadal totalmente gratu\u00edtos.<\/p>\n<p>O alcalde, Manuel Mu\u00ed\u00f1o, destaca que \u201cen moitos concellos estas actividades te\u00f1en custo, pero en Zas son de balde porque queremos garantir que todas as familias poidan acceder a elas sen barreiras econ\u00f3micas\u201d. O rexedor engade que \u201ca conciliaci\u00f3n non deber\u00eda ser un luxo, e por iso facemos un esforzo importante para ofrecer servizos p\u00fablicos de calidade e accesibles\u201d.<\/p>\n<p>O programa incl\u00fae un obradoiro de Adornos de Nadal para persoas adultas, que ter\u00e1 lugar os d\u00edas 13 e 20 de decembro \u00e1s 16:00 horas no Centro Sociocultural de Zas. Por outra banda, para o p\u00fablico infantil celebraranse os obradoiros de coci\u00f1a saudable \u2018Doces de Nadal\u2019 os d\u00edas 20 e 27 de decembro \u00e1s 12:00 horas no mesmo centro.<\/p>\n<p>Para rematar, o Concello presenta o \u2018Campamento Zas Nadal\u2019, unha proposta de lecer educativo en horario de 10:00 a 14:00 horas. Desenvolverase do 22 ao 26 de decembro no Centro Sociocultural de Zas e do 29 de decembro ao 2 de xaneiro no Centro Sociocultural de Baio.<\/p>\n<p>Para inscrici\u00f3ns e m\u00e1is informaci\u00f3n p\u00f3dese contactar co Centro Sociocultural de Zas, chamando ao 981 751 398, e co Centro Sociocultural de Baio, no 981 718 056.<\/p>\n","protected":false},"excerpt":{"rendered":"<p>O Concello de Zas presenta a s\u00faa programaci\u00f3n especial de Nadal, unha das m\u00e1is completas e accesibles da comarca, que combina cultura, tradici\u00f3n, lecer educativo e conciliaci\u00f3n familiar. A proposta municipal destaca pola s\u00faa ampla variedade de actividades e, sobre todo, polo ofrecemento dun campamento de Nadal totalmente gratu\u00edto, unha iniciativa que diferencia ao concello [&hellip;]<\/p>\n","protected":false},"author":3,"featured_media":30114,"comment_status":"open","ping_status":"closed","sticky":false,"template":"","format":"standard","meta":{"slim_seo":{"title":"Zas presenta un Nadal cargado de actividades e impulsa o seu campamento gratu\u00edto ao servizo de todas as familias - Concello de Zas","description":"O Concello de Zas presenta a s\u00faa programaci\u00f3n especial de Nadal, unha das m\u00e1is completas e accesibles da comarca, que combina cultura, tradici\u00f3n, lecer educativ"},"footnotes":""},"categories":[413],"tags":[],"class_list":["post-30113","post","type-post","status-publish","format-standard","has-post-thumbnail","hentry","category-cultura-e-deportes"],"_links":{"self":[{"href":"https:\/\/concellodezas.gal\/en\/wp-json\/wp\/v2\/posts\/30113","targetHints":{"allow":["GET"]}}],"collection":[{"href":"https:\/\/concellodezas.gal\/en\/wp-json\/wp\/v2\/posts"}],"about":[{"href":"https:\/\/concellodezas.gal\/en\/wp-json\/wp\/v2\/types\/post"}],"author":[{"embeddable":true,"href":"https:\/\/concellodezas.gal\/en\/wp-json\/wp\/v2\/users\/3"}],"replies":[{"embeddable":true,"href":"https:\/\/concellodezas.gal\/en\/wp-json\/wp\/v2\/comments?post=30113"}],"version-history":[{"count":0,"href":"https:\/\/concellodezas.gal\/en\/wp-json\/wp\/v2\/posts\/30113\/revisions"}],"wp:featuredmedia":[{"embeddable":true,"href":"https:\/\/concellodezas.gal\/en\/wp-json\/wp\/v2\/media\/30114"}],"wp:attachment":[{"href":"https:\/\/concellodezas.gal\/en\/wp-json\/wp\/v2\/media?parent=30113"}],"wp:term":[{"taxonomy":"category","embeddable":true,"href":"https:\/\/concellodezas.gal\/en\/wp-json\/wp\/v2\/categories?post=30113"},{"taxonomy":"post_tag","embeddable":true,"href":"https:\/\/concellodezas.gal\/en\/wp-json\/wp\/v2\/tags?post=30113"}],"curies":[{"name":"wp","href":"https:\/\/api.w.org\/{rel}","templated":true}]}}