{"id":30107,"date":"2025-12-29T11:21:14","date_gmt":"2025-12-29T10:21:14","guid":{"rendered":"https:\/\/concellodezas.gal\/o-concello-de-zas-aproba-a-rpt-e-impulsa-a-remodelacion-da-praza-do-campo-a-traves-do-pos-adicional\/"},"modified":"2026-01-16T07:59:38","modified_gmt":"2026-01-16T06:59:38","slug":"o-concello-de-zas-aproba-a-rpt-e-impulsa-a-remodelacion-da-praza-do-campo-a-traves-do-pos-adicional","status":"publish","type":"post","link":"https:\/\/concellodezas.gal\/en\/o-concello-de-zas-aproba-a-rpt-e-impulsa-a-remodelacion-da-praza-do-campo-a-traves-do-pos-adicional\/","title":{"rendered":"O Concello de Zas aproba a RPT e impulsa a remodelaci\u00f3n da Praza do Campo a trav\u00e9s do POS+ Adicional"},"content":{"rendered":"<p style=\"text-align: justify;\">O Concello de Zas aprobou hoxe, nun pleno extraordinario, a Relaci\u00f3n de Postos de Traballo (RPT) do persoal municipal, un documento clave para a ordenaci\u00f3n, planificaci\u00f3n e racionalizaci\u00f3n dos recursos humanos da administraci\u00f3n local.<\/p>\n<p style=\"text-align: justify;\">A RPT \u00e9 o resultado dun proceso de negociaci\u00f3n sindical no que participou Comisiones Obreras, no marco dun di\u00e1logo aberto ao conxunto das organizaci\u00f3ns sindicais con representaci\u00f3n, que foron formalmente convidadas a tomar parte nas negociaci\u00f3ns. Este proceso permitiu avanzar cara a un modelo organizativo m\u00e1is moderno, adaptado \u00e1s necesidades actuais do Concello e aos retos de futuro da administraci\u00f3n local.<\/p>\n<p style=\"text-align: justify;\">A aprobaci\u00f3n deste instrumento sup\u00f3n a actualizaci\u00f3n e redefinici\u00f3n das funci\u00f3ns dos distintos postos de traballo, adecu\u00e1ndoos \u00e1 realidade normativa, organizativa e funcional da entidade local, as\u00ed como a creaci\u00f3n de novos postos que permitir\u00e1n reforzar e mellorar a prestaci\u00f3n dos servizos p\u00fablicos \u00e1 veci\u00f1anza.<\/p>\n<p style=\"text-align: justify;\">Con esta decisi\u00f3n, o Concello de Zas sit\u00faase na li\u00f1a doutros concellos que xa contan cunha Relaci\u00f3n de Postos de Traballo actualizada, dando un paso decisivo cara a unha xesti\u00f3n m\u00e1is eficiente, transparente e profesionalizada do persoal municipal, consolidando unha estrutura administrativa acorde cos principios de estabilidade, equidade e calidade no emprego p\u00fablico.<\/p>\n<p style=\"text-align: justify;\"><strong>Renovaci\u00f3n da Praza do Campo a trav\u00e9s do POS+ Adicional<\/strong><\/p>\n<p style=\"text-align: justify;\">Do mesmo xeito, o Concello de Zas aprobou tam\u00e9n a s\u00faa participaci\u00f3n no POS+ Adicional da Deputaci\u00f3n Provincial da Coru\u00f1a, co obxectivo de levar a cabo un importante investimento nun espazo p\u00fablico central do municipio.<\/p>\n<p style=\"text-align: justify;\">En concreto, a corporaci\u00f3n municipal acordou solicitar a aplicaci\u00f3n da achega provincial asignada ao financiamento do proxecto de renovaci\u00f3n e mellora da accesibilidade da Praza do Campo, en Zas, cun orzamento total de 685.223,39 euros, que incl\u00fae tam\u00e9n a correspondente achega municipal e a colaboraci\u00f3n da Xunta de Galicia.<\/p>\n<p style=\"text-align: justify;\">Tr\u00e1tase dun investimento financeiramente sostible que permitir\u00e1 modernizar este espazo emblem\u00e1tico, mellorando a s\u00faa accesibilidade, funcionalidade e adaptaci\u00f3n \u00e1s necesidades da veci\u00f1anza. A actuaci\u00f3n contribuir\u00e1 a facer da Praza do Campo un lugar m\u00e1is c\u00f3modo, seguro e inclusivo, favorecendo o uso p\u00fablico.<\/p>\n<p style=\"text-align: justify;\">O alcalde de Zas, Manuel Mu\u00ed\u00f1o, explicou que \u201ccon estas decisi\u00f3ns seguimos a traballar nun dobre eixe fundamental: por unha banda, dotar ao Concello dunha estrutura de persoal moderna e ben organizada, e por outra, impulsar investimentos estrat\u00e9xicos que melloren os espazos p\u00fablicos e a calidade de vida dos veci\u00f1os e veci\u00f1as\u201d.<\/p>\n","protected":false},"excerpt":{"rendered":"<p>O Concello de Zas aprobou hoxe, nun pleno extraordinario, a Relaci\u00f3n de Postos de Traballo (RPT) do persoal municipal, un documento clave para a ordenaci\u00f3n, planificaci\u00f3n e racionalizaci\u00f3n dos recursos humanos da administraci\u00f3n local. A RPT \u00e9 o resultado dun proceso de negociaci\u00f3n sindical no que participou Comisiones Obreras, no marco dun di\u00e1logo aberto ao [&hellip;]<\/p>\n","protected":false},"author":3,"featured_media":30108,"comment_status":"open","ping_status":"closed","sticky":false,"template":"","format":"standard","meta":{"slim_seo":{"title":"O Concello de Zas aproba a RPT e impulsa a remodelaci\u00f3n da Praza do Campo a trav\u00e9s do POS+ Adicional - Concello de Zas","description":"O Concello de Zas aprobou hoxe, nun pleno extraordinario, a Relaci\u00f3n de Postos de Traballo (RPT) do persoal municipal, un documento clave para a ordenaci\u00f3n, pla"},"footnotes":""},"categories":[416],"tags":[],"class_list":["post-30107","post","type-post","status-publish","format-standard","has-post-thumbnail","hentry","category-urbanismo"],"_links":{"self":[{"href":"https:\/\/concellodezas.gal\/en\/wp-json\/wp\/v2\/posts\/30107","targetHints":{"allow":["GET"]}}],"collection":[{"href":"https:\/\/concellodezas.gal\/en\/wp-json\/wp\/v2\/posts"}],"about":[{"href":"https:\/\/concellodezas.gal\/en\/wp-json\/wp\/v2\/types\/post"}],"author":[{"embeddable":true,"href":"https:\/\/concellodezas.gal\/en\/wp-json\/wp\/v2\/users\/3"}],"replies":[{"embeddable":true,"href":"https:\/\/concellodezas.gal\/en\/wp-json\/wp\/v2\/comments?post=30107"}],"version-history":[{"count":0,"href":"https:\/\/concellodezas.gal\/en\/wp-json\/wp\/v2\/posts\/30107\/revisions"}],"wp:featuredmedia":[{"embeddable":true,"href":"https:\/\/concellodezas.gal\/en\/wp-json\/wp\/v2\/media\/30108"}],"wp:attachment":[{"href":"https:\/\/concellodezas.gal\/en\/wp-json\/wp\/v2\/media?parent=30107"}],"wp:term":[{"taxonomy":"category","embeddable":true,"href":"https:\/\/concellodezas.gal\/en\/wp-json\/wp\/v2\/categories?post=30107"},{"taxonomy":"post_tag","embeddable":true,"href":"https:\/\/concellodezas.gal\/en\/wp-json\/wp\/v2\/tags?post=30107"}],"curies":[{"name":"wp","href":"https:\/\/api.w.org\/{rel}","templated":true}]}}