{"id":30103,"date":"2026-01-14T07:00:56","date_gmt":"2026-01-14T06:00:56","guid":{"rendered":"https:\/\/concellodezas.gal\/zas-recolleu-mais-de-57-toneladas-de-vidro-en-2025-e-lanza-esta-semana-unha-nova-campana-na-hostaleria\/"},"modified":"2026-01-16T07:59:38","modified_gmt":"2026-01-16T06:59:38","slug":"zas-recolleu-mais-de-57-toneladas-de-vidro-en-2025-e-lanza-esta-semana-unha-nova-campana-na-hostaleria","status":"publish","type":"post","link":"https:\/\/concellodezas.gal\/en\/zas-recolleu-mais-de-57-toneladas-de-vidro-en-2025-e-lanza-esta-semana-unha-nova-campana-na-hostaleria\/","title":{"rendered":"Zas recolleu m\u00e1is de 57 toneladas de vidro en 2025 e lanza esta semana unha nova campa\u00f1a na hostaler\u00eda"},"content":{"rendered":"<p style=\"text-align: justify;\">O Concello de Zas pon en marcha esta semana unha campa\u00f1a integral de recollida e reciclaxe de envases de vidro dirixida ao sector da hostaler\u00eda, coa colaboraci\u00f3n de Ecovidrio. A iniciativa busca fomentar a recollida selectiva e os h\u00e1bitos responsables entre os locais hostaleiros, contribu\u00edndo \u00e1 sustentabilidade do municipio e \u00e1 econom\u00eda circular.<\/p>\n<p style=\"text-align: justify;\">Durante o ano 2025, o Concello de Zas recolleu un total de 57.970 quilos de envases de vidro procedentes de todo o municipio, unha cifra que reflicte o avance das pol\u00edticas municipais en xesti\u00f3n de residuos e sensibilizaci\u00f3n ambiental. Estes datos serven como referencia para a nova campa\u00f1a, que pretende incrementar a\u00ednda m\u00e1is a reciclaxe e implicar de forma activa \u00e1 hostaler\u00eda local, responsable dun volume significativo de envases dun s\u00f3 uso.<\/p>\n<p style=\"text-align: justify;\">A campa\u00f1a desenvolverase mediante visitas personalizadas aos establecementos hostaleiros, onde un equipo de educadores ambientais realizar\u00e1 enquisas e ofrecer\u00e1 informaci\u00f3n sobre as pr\u00e1cticas correctas de reciclaxe e as vantaxes sociais, econ\u00f3micas e medioambientais de depositar o vidro nos colectores adecuados.<\/p>\n<p style=\"text-align: justify;\">O alcalde de Zas, Manuel Mu\u00ed\u00f1o, sinala que \u201cesta campa\u00f1a na hostalar\u00eda \u00e9 unha mostra do compromiso do Concello coa sustentabilidade e coa correcta xesti\u00f3n dos residuos. Os m\u00e1is de 57.000 quilos de vidro recollidos en 2025 demostran que imos polo bo cami\u00f1o, pero \u00e9 fundamental seguir traballando da man de sectores como a hostaler\u00eda para mellorar a\u00ednda m\u00e1is estes resultados\u201d.<\/p>\n<p style=\"text-align: justify;\">C\u00f3mpre lembrar que o vidro depositado nos colectores rec\u00edclase ao 100 % e pode reutilizarse de forma indefinida sen perder as s\u00faas propiedades, contribu\u00edndo ao desenvolvemento sostible, \u00e1 transici\u00f3n cara \u00e1 econom\u00eda circular e ao cumprimento da Axenda 2030 e dos Obxectivos de Desenvolvemento Sostible.<\/p>\n","protected":false},"excerpt":{"rendered":"<p>O Concello de Zas pon en marcha esta semana unha campa\u00f1a integral de recollida e reciclaxe de envases de vidro dirixida ao sector da hostaler\u00eda, coa colaboraci\u00f3n de Ecovidrio. A iniciativa busca fomentar a recollida selectiva e os h\u00e1bitos responsables entre os locais hostaleiros, contribu\u00edndo \u00e1 sustentabilidade do municipio e \u00e1 econom\u00eda circular. Durante o [&hellip;]<\/p>\n","protected":false},"author":3,"featured_media":30104,"comment_status":"open","ping_status":"closed","sticky":false,"template":"","format":"standard","meta":{"slim_seo":{"title":"Zas recolleu m\u00e1is de 57 toneladas de vidro en 2025 e lanza esta semana unha nova campa\u00f1a na hostaler\u00eda - Concello de Zas","description":"O Concello de Zas pon en marcha esta semana unha campa\u00f1a integral de recollida e reciclaxe de envases de vidro dirixida ao sector da hostaler\u00eda, coa colaboraci\u00f3"},"footnotes":""},"categories":[415],"tags":[],"class_list":["post-30103","post","type-post","status-publish","format-standard","has-post-thumbnail","hentry","category-turismo"],"_links":{"self":[{"href":"https:\/\/concellodezas.gal\/en\/wp-json\/wp\/v2\/posts\/30103","targetHints":{"allow":["GET"]}}],"collection":[{"href":"https:\/\/concellodezas.gal\/en\/wp-json\/wp\/v2\/posts"}],"about":[{"href":"https:\/\/concellodezas.gal\/en\/wp-json\/wp\/v2\/types\/post"}],"author":[{"embeddable":true,"href":"https:\/\/concellodezas.gal\/en\/wp-json\/wp\/v2\/users\/3"}],"replies":[{"embeddable":true,"href":"https:\/\/concellodezas.gal\/en\/wp-json\/wp\/v2\/comments?post=30103"}],"version-history":[{"count":0,"href":"https:\/\/concellodezas.gal\/en\/wp-json\/wp\/v2\/posts\/30103\/revisions"}],"wp:featuredmedia":[{"embeddable":true,"href":"https:\/\/concellodezas.gal\/en\/wp-json\/wp\/v2\/media\/30104"}],"wp:attachment":[{"href":"https:\/\/concellodezas.gal\/en\/wp-json\/wp\/v2\/media?parent=30103"}],"wp:term":[{"taxonomy":"category","embeddable":true,"href":"https:\/\/concellodezas.gal\/en\/wp-json\/wp\/v2\/categories?post=30103"},{"taxonomy":"post_tag","embeddable":true,"href":"https:\/\/concellodezas.gal\/en\/wp-json\/wp\/v2\/tags?post=30103"}],"curies":[{"name":"wp","href":"https:\/\/api.w.org\/{rel}","templated":true}]}}