{"id":28550,"date":"2025-11-09T11:30:52","date_gmt":"2025-11-09T10:30:52","guid":{"rendered":"https:\/\/concellodezas.gal\/?p=28550"},"modified":"2026-01-16T07:59:30","modified_gmt":"2026-01-16T06:59:30","slug":"erica-esmoris-e-andrea-micc-guian-mana-un-encontro-coas-letras-que-tera-lugar-as-1630-horas-no-auditorio-de-baio","status":"publish","type":"post","link":"https:\/\/concellodezas.gal\/en\/erica-esmoris-e-andrea-micc-guian-mana-un-encontro-coas-letras-que-tera-lugar-as-1630-horas-no-auditorio-de-baio\/","title":{"rendered":"\u00c9rica Esmoris e Andrea Micc gu\u00edan ma\u00f1\u00e1 un \u201cEncontro coas letras\u201d que ter\u00e1 lugar \u00e1s 16:30 horas no Auditorio de Baio"},"content":{"rendered":"<p>Co obxectivo de gozar da literatura dunha forma directa e cercana ma\u00f1\u00e1 a partir das 16:30 horas temos no Auditorio de Baio unha das sesi\u00f3ns dos <b>\u201cEncontros coas letras\u201d<\/b>, promovido pola Deputaci\u00f3n da Coru\u00f1a &#8211; a trav\u00e9s da Biblioteca Provincial &#8211; e AGER &#8211; Asociaci\u00f3n Galega de Escritores e Escritoras.<\/p>\n<p>O \u201cEncontro coas letras\u201d que celebramos ma\u00f1\u00e1 estar\u00e1 guiado por \u00c9rica Esmoris e Andrea Micc, d\u00faas escritoras galegas que far\u00e1n un fronte a fronte coa comunidade lectora. A actividade ter\u00e1 lugar no Auditorio de Baio e comeza \u00e1s 16:30 horas. Est\u00e1 dirixida ao p\u00fablico xuvenil e adulto.<\/p>\n<p>Esta \u00e9 unha actividade que se enmarca no <a href=\"https:\/\/concellodezas.org\/follas-de-outono-un-ciclo-cultural-ao-redor-da-literatura-que-se-celebra-en-baio-do-4-de-outubro-ao-16-de-novembro\/\">ciclo literario e cultural \u201cFollas de Outono\u201d<\/a>, organizado polo Concello de Zas, que se puxo en marcha no mes de outubro e que nos ofreceu diferentes encontros literarios e outras actividades culturais ao longo destes meses.<\/p>\n","protected":false},"excerpt":{"rendered":"<p>Esta \u00e9 a pen\u00faltima actividade do ciclo literario e cultural \u201cFollas de Outono\u201d que se realiza coa colaboraci\u00f3n da Deputaci\u00f3n da Coru\u00f1a<\/p>\n","protected":false},"author":5,"featured_media":28554,"comment_status":"open","ping_status":"closed","sticky":false,"template":"","format":"standard","meta":{"slim_seo":{"title":"\u00c9rica Esmoris e Andrea Micc gu\u00edan ma\u00f1\u00e1 un \u201cEncontro coas letras\u201d que ter\u00e1 lugar \u00e1s 16:30 horas no Auditorio de Baio - Concello de Zas","description":"Esta \u00e9 a pen\u00faltima actividade do ciclo literario e cultural \u201cFollas de Outono\u201d que se realiza coa colaboraci\u00f3n da Deputaci\u00f3n da Coru\u00f1a"},"footnotes":""},"categories":[413],"tags":[375,577,578,372],"class_list":["post-28550","post","type-post","status-publish","format-standard","has-post-thumbnail","hentry","category-cultura-e-deportes","tag-baio","tag-encontro-literario","tag-letras","tag-zas"],"_links":{"self":[{"href":"https:\/\/concellodezas.gal\/en\/wp-json\/wp\/v2\/posts\/28550","targetHints":{"allow":["GET"]}}],"collection":[{"href":"https:\/\/concellodezas.gal\/en\/wp-json\/wp\/v2\/posts"}],"about":[{"href":"https:\/\/concellodezas.gal\/en\/wp-json\/wp\/v2\/types\/post"}],"author":[{"embeddable":true,"href":"https:\/\/concellodezas.gal\/en\/wp-json\/wp\/v2\/users\/5"}],"replies":[{"embeddable":true,"href":"https:\/\/concellodezas.gal\/en\/wp-json\/wp\/v2\/comments?post=28550"}],"version-history":[{"count":1,"href":"https:\/\/concellodezas.gal\/en\/wp-json\/wp\/v2\/posts\/28550\/revisions"}],"predecessor-version":[{"id":28947,"href":"https:\/\/concellodezas.gal\/en\/wp-json\/wp\/v2\/posts\/28550\/revisions\/28947"}],"wp:featuredmedia":[{"embeddable":true,"href":"https:\/\/concellodezas.gal\/en\/wp-json\/wp\/v2\/media\/28554"}],"wp:attachment":[{"href":"https:\/\/concellodezas.gal\/en\/wp-json\/wp\/v2\/media?parent=28550"}],"wp:term":[{"taxonomy":"category","embeddable":true,"href":"https:\/\/concellodezas.gal\/en\/wp-json\/wp\/v2\/categories?post=28550"},{"taxonomy":"post_tag","embeddable":true,"href":"https:\/\/concellodezas.gal\/en\/wp-json\/wp\/v2\/tags?post=28550"}],"curies":[{"name":"wp","href":"https:\/\/api.w.org\/{rel}","templated":true}]}}