{"id":28549,"date":"2025-11-11T15:40:26","date_gmt":"2025-11-11T14:40:26","guid":{"rendered":"https:\/\/concellodezas.gal\/?p=28549"},"modified":"2026-01-16T07:59:30","modified_gmt":"2026-01-16T06:59:30","slug":"as-cantareiras-seran-as-protagonistas-do-acto-final-do-ciclo-follas-de-outono","status":"publish","type":"post","link":"https:\/\/concellodezas.gal\/en\/as-cantareiras-seran-as-protagonistas-do-acto-final-do-ciclo-follas-de-outono\/","title":{"rendered":"As Cantareiras ser\u00e1n as protagonistas do acto final do ciclo \u201cFollas de Outono\u201d"},"content":{"rendered":"<p>Coincidindo co d\u00eda do Patrimonio Cultural, este domingo chega \u00e1 s\u00faa fin o<a href=\"https:\/\/concellodezas.org\/follas-de-outono-un-ciclo-cultural-ao-redor-da-literatura-que-se-celebra-en-baio-do-4-de-outubro-ao-16-de-novembro\/\"><b> ciclo literario e cultural \u201cFollas de Outono\u201d<\/b><\/a>, organizado polo Concello de Zas. Ser\u00e1 \u00e9 o acto central do programa co que se pretende render unha merecida homenaxe \u00e1 figura das Cantareiras, reco\u00f1ecidas este ano do D\u00eda das Letras Galegas polo seu papel fundamental na preservaci\u00f3n da nosa tradici\u00f3n oral e musical.<\/p>\n<p>Baixo o t\u00edtulo <b>\u201cCantareiras: tradici\u00f3n e legado\u201d<\/b>, o encontro ter\u00e1 lugar este domingo \u00e1s 18:00 horas no Auditorio de Baio e nel misturaranse as conversas e a m\u00fasica coa pretensi\u00f3n de ofrecer un <b>emotivo reco\u00f1ecemento a todas as cantareiras do noso pa\u00eds, <\/b>especialmente \u00e1s do noso municipio que foi e segue sendo un punto de referencia do folclore galego.<span class=\"Apple-converted-space\">\u00a0<\/span><\/p>\n<p>No acto participar\u00e1n <b>Fina Casalderrey<\/b>, numeraria da <a href=\"https:\/\/academia.gal\/inicio\"><b>Real Academia Galega<\/b><\/a>; os grupos de <b>pandereterias da Asociaci\u00f3n Cultural Adro <\/b>e as convidadas <b>Clarisa Santos Amigo e Matilde Ferreiro Carballo; veci\u00f1as de Pudenza<\/b> e d\u00faas das moitas informantes do noso municipio. A <b>xornalista Patricia Blanco<\/b>, con orixes en Zas; e o <b>mestre de m\u00fasica e baile tradicional \u00c1lex \u00cdnsua, <\/b>encanrgaranse<b> <\/b>de conducir o evento no que tam\u00e9n contar\u00e1 coa presenza do <b>Alcalde de Zas, Manuel Mui\u00f1o<\/b>.<\/p>\n<p><b>\u201cFollas de Outono\u201d<\/b><\/p>\n<p>O ciclo literario e cultural \u201cFollas de Outono\u201d, impulsado polo Concello de Zas a trav\u00e9s do seu departamento de Cultura, converteuse ao longo destas \u00faltimas semanas nun referente cultural e literario na zona. Foron un total de 9 actos dirixidos a diferentes p\u00fablicos e que se realizaron no Auditorio de Baio.<\/p>\n","protected":false},"excerpt":{"rendered":"<p>Ser\u00e1 este domingo a partir das 18:00 horas no Auditorio de Baio Participara\u00e1n Fina Casalderrey, numeraria da Real Academia Galega; os diferentes grupos de pandereteiras da Asociaci\u00f3n Cultural Adro e as convidadas Clarisa Santos Amigo e Matilde Ferreiro Carballo, de Pudenza<\/p>\n","protected":false},"author":5,"featured_media":28553,"comment_status":"open","ping_status":"closed","sticky":false,"template":"","format":"standard","meta":{"slim_seo":{"title":"As Cantareiras ser\u00e1n as protagonistas do acto final do ciclo \u201cFollas de Outono\u201d - Concello de Zas","description":"Ser\u00e1 este domingo a partir das 18:00 horas no Auditorio de Baio Participara\u00e1n Fina Casalderrey, numeraria da Real Academia Galega; os diferentes grupos de pande"},"footnotes":""},"categories":[413],"tags":[519,499,576,372],"class_list":["post-28549","post","type-post","status-publish","format-standard","has-post-thumbnail","hentry","category-cultura-e-deportes","tag-cantareiras","tag-cultura","tag-follas-outono","tag-zas"],"_links":{"self":[{"href":"https:\/\/concellodezas.gal\/en\/wp-json\/wp\/v2\/posts\/28549","targetHints":{"allow":["GET"]}}],"collection":[{"href":"https:\/\/concellodezas.gal\/en\/wp-json\/wp\/v2\/posts"}],"about":[{"href":"https:\/\/concellodezas.gal\/en\/wp-json\/wp\/v2\/types\/post"}],"author":[{"embeddable":true,"href":"https:\/\/concellodezas.gal\/en\/wp-json\/wp\/v2\/users\/5"}],"replies":[{"embeddable":true,"href":"https:\/\/concellodezas.gal\/en\/wp-json\/wp\/v2\/comments?post=28549"}],"version-history":[{"count":1,"href":"https:\/\/concellodezas.gal\/en\/wp-json\/wp\/v2\/posts\/28549\/revisions"}],"predecessor-version":[{"id":28946,"href":"https:\/\/concellodezas.gal\/en\/wp-json\/wp\/v2\/posts\/28549\/revisions\/28946"}],"wp:featuredmedia":[{"embeddable":true,"href":"https:\/\/concellodezas.gal\/en\/wp-json\/wp\/v2\/media\/28553"}],"wp:attachment":[{"href":"https:\/\/concellodezas.gal\/en\/wp-json\/wp\/v2\/media?parent=28549"}],"wp:term":[{"taxonomy":"category","embeddable":true,"href":"https:\/\/concellodezas.gal\/en\/wp-json\/wp\/v2\/categories?post=28549"},{"taxonomy":"post_tag","embeddable":true,"href":"https:\/\/concellodezas.gal\/en\/wp-json\/wp\/v2\/tags?post=28549"}],"curies":[{"name":"wp","href":"https:\/\/api.w.org\/{rel}","templated":true}]}}