{"id":27050,"date":"2025-11-04T12:53:47","date_gmt":"2025-11-04T11:53:47","guid":{"rendered":"https:\/\/concellodezas.gal\/?p=27050"},"modified":"2025-12-22T16:47:08","modified_gmt":"2025-12-22T15:47:08","slug":"a-pintura-realista-de-ismael-galego-chega-ao-centro-sociocultural-de-baio","status":"publish","type":"post","link":"https:\/\/concellodezas.gal\/en\/a-pintura-realista-de-ismael-galego-chega-ao-centro-sociocultural-de-baio\/","title":{"rendered":"A pintura realista de Ismael Galego chega ao Centro Sociocultural de Baio"},"content":{"rendered":"\n<p>Dende onte e ata o vindeiro 12 de decembro, o Centro Sociocultural de Baio acolle unha nova&nbsp;<strong>exposici\u00f3n de pintura que chega da man de Ismael Galego<\/strong>.<\/p>\n\n\n\n<p>Esta \u00e9 unha mostra formada por 27 cadros nos que emprega unha t\u00e9cnica realista para plasmar paisaxes e outros elementos emblem\u00e1ticos da nosa terra; tales como h\u00f3rreos, festas, r\u00faas,\u2026 Ismael Galego, nado en Agolada (Pontevedra) e afincado na Coru\u00f1a, adicouse \u00e1 Enxe\u00f1ar\u00eda ata o 2014. Foi neste ano cando descubriu a s\u00faa faceta como pintor e que reco\u00f1ece que lle apaixona. Durante a inauguraci\u00f3n da mostra, Ismael Galego agradeulle ao Concello de Zas a posibilidade de expo\u00f1er os seus traballos.<\/p>\n\n\n\n<p>Pola s\u00faa banda, o Alcalde de Zas, Manuel Mu\u00ed\u00f1o, recordou que este ciclo de exposici\u00f3ns serve para que \u201co Centro Sociocultural de Baio sexa un espazo de referencia para as exposici\u00f3ns e dende o que se espalla a cultura a toda a comarca\u201d. As\u00ed mesmo incidiu en que este \u00e9 un lugar no que te\u00f1en cabida os artistas menos co\u00f1ecidos e pr\u00f3ximos \u00e1 nos.<\/p>\n\n\n\n<p>A exposici\u00f3n de pintura de Ismael Galego pode verse ata o 12 de decembro co seguinte horario de visita:<\/p>\n\n\n\n<ul class=\"wp-block-list\">\n<li>De martes a venres, de 15:30 a 20:30 horas.<\/li>\n\n\n\n<li>S\u00e1bados, de 10:00 a 14:00 horas.<\/li>\n<\/ul>\n","protected":false},"excerpt":{"rendered":"<p>Dende onte e ata o vindeiro 12 de decembro, o Centro Sociocultural de Baio acolle unha nova&nbsp;exposici\u00f3n de pintura que chega da man de Ismael Galego. Esta \u00e9 unha mostra formada por 27 cadros nos que emprega unha t\u00e9cnica realista para plasmar paisaxes e outros elementos emblem\u00e1ticos da nosa terra; tales como h\u00f3rreos, festas, r\u00faas,\u2026 [&hellip;]<\/p>\n","protected":false},"author":5,"featured_media":27051,"comment_status":"open","ping_status":"closed","sticky":false,"template":"","format":"standard","meta":{"slim_seo":{"title":"A pintura realista de Ismael Galego chega ao Centro Sociocultural de Baio - Concello de Zas","description":"Dende onte e ata o vindeiro 12 de decembro, o Centro Sociocultural de Baio acolle unha nova&nbsp; exposici\u00f3n de pintura que chega da man de Ismael Galego . Esta"},"footnotes":""},"categories":[413],"tags":[508,509],"class_list":["post-27050","post","type-post","status-publish","format-standard","has-post-thumbnail","hentry","category-cultura-e-deportes","tag-centro-sociocultural-baio","tag-exposicion"],"_links":{"self":[{"href":"https:\/\/concellodezas.gal\/en\/wp-json\/wp\/v2\/posts\/27050","targetHints":{"allow":["GET"]}}],"collection":[{"href":"https:\/\/concellodezas.gal\/en\/wp-json\/wp\/v2\/posts"}],"about":[{"href":"https:\/\/concellodezas.gal\/en\/wp-json\/wp\/v2\/types\/post"}],"author":[{"embeddable":true,"href":"https:\/\/concellodezas.gal\/en\/wp-json\/wp\/v2\/users\/5"}],"replies":[{"embeddable":true,"href":"https:\/\/concellodezas.gal\/en\/wp-json\/wp\/v2\/comments?post=27050"}],"version-history":[{"count":1,"href":"https:\/\/concellodezas.gal\/en\/wp-json\/wp\/v2\/posts\/27050\/revisions"}],"predecessor-version":[{"id":27052,"href":"https:\/\/concellodezas.gal\/en\/wp-json\/wp\/v2\/posts\/27050\/revisions\/27052"}],"wp:featuredmedia":[{"embeddable":true,"href":"https:\/\/concellodezas.gal\/en\/wp-json\/wp\/v2\/media\/27051"}],"wp:attachment":[{"href":"https:\/\/concellodezas.gal\/en\/wp-json\/wp\/v2\/media?parent=27050"}],"wp:term":[{"taxonomy":"category","embeddable":true,"href":"https:\/\/concellodezas.gal\/en\/wp-json\/wp\/v2\/categories?post=27050"},{"taxonomy":"post_tag","embeddable":true,"href":"https:\/\/concellodezas.gal\/en\/wp-json\/wp\/v2\/tags?post=27050"}],"curies":[{"name":"wp","href":"https:\/\/api.w.org\/{rel}","templated":true}]}}