{"id":26929,"date":"2025-10-24T23:10:10","date_gmt":"2025-10-24T21:10:10","guid":{"rendered":"https:\/\/concellodezas.gal\/?p=26929"},"modified":"2025-12-22T16:47:09","modified_gmt":"2025-12-22T15:47:09","slug":"o-pavillon-municipal-de-baio-e-as-suas-instalacions-permaneceran-pechadas-do-27-de-outubro-ao-5-de-novembro-para-acometer-as-obras-de-renovacion-da-cuberta","status":"publish","type":"post","link":"https:\/\/concellodezas.gal\/en\/o-pavillon-municipal-de-baio-e-as-suas-instalacions-permaneceran-pechadas-do-27-de-outubro-ao-5-de-novembro-para-acometer-as-obras-de-renovacion-da-cuberta\/","title":{"rendered":"O pavill\u00f3n municipal de Baio e as s\u00faas instalaci\u00f3ns permanecer\u00e1n pechadas do 27 de outubro ao 5 de novembro para acometer as obras de renovaci\u00f3n da cuberta"},"content":{"rendered":"<p>O <b>pavill\u00f3n municipal de Baio<\/b> e as s\u00faas instalaci\u00f3ns (auditorio, pista deportiva e ximnasio municipal) <b>permanecer\u00e1 pechado dende o 27 de outubro ata o 5 de novembro<\/b> con motivo das obras de renovaci\u00f3n da cuberta do edificio e co fin de garantir a seguridade dos usuarios e usuarias.<span class=\"Apple-converted-space\">\u00a0<\/span><\/p>\n<p>Os traballos, nos que o Concello de Zas inviste un total de 95.782,87\u20ac, consisten na retirada da cuberta actual e na substituci\u00f3n por unha nova coa que se mellorar\u00e1n as condici\u00f3ns de uso favorecendo a est\u00e9tica, a seguridade e a hixiene das instalaci\u00f3ns.<span class=\"Apple-converted-space\">\u00a0<\/span><\/p>\n<p>Estas obras non afectan ao Centro Sociocultural de Baio que continuar\u00e1 aberto no seu horario habitual.<\/p>\n<p><b>Plan de melloras e conservaci\u00f3n<\/b><\/p>\n<p>As obras de renovaci\u00f3n da cuberta do pavill\u00f3n municipal de Baio est\u00e1n inclu\u00eddas dentro do plan de melloras e conservaci\u00f3n impulsado polo Goberno Municipal de Zas. Estes traballos s\u00famanse \u00e1 reforma realizada a finais do 2020 coa que se mellorou a accesibilidade a utilidade do pavill\u00f3n.<\/p>\n<p>Esta reforma permitiu crear o <a href=\"https:\/\/concellodezas.org\/o-ximansio-municipal-de-baio-abre-as-suas-portas\/\">primeiro ximnasio municipal de Zas<\/a> dotado con d\u00faas salas, unha de musculaci\u00f3n e outra de cardio cos seus correspondentes equipamentos, que suman m\u00e1is de 150 metros cadrados.<\/p>\n<p>Nestes d\u00faas actuaci\u00f3ns, o Concello de Zas investiu m\u00e1is de 200.000\u20ac.<\/p>\n","protected":false},"excerpt":{"rendered":"<p>Estes traballos non afectan ao edificio do Centro Sociocultural de Baio, que estar\u00e1 aberto no seu horario habitual<\/p>\n","protected":false},"author":5,"featured_media":26937,"comment_status":"open","ping_status":"closed","sticky":false,"template":"","format":"standard","meta":{"slim_seo":{"title":"O pavill\u00f3n municipal de Baio e as s\u00faas instalaci\u00f3ns permanecer\u00e1n pechadas do 27 de outubro ao 5 de novembro para acometer as obras de renovaci\u00f3n da cuberta - Concello de Zas","description":"Estes traballos non afectan ao edificio do Centro Sociocultural de Baio, que estar\u00e1 aberto no seu horario habitual"},"footnotes":""},"categories":[413],"tags":[375,427,517,372],"class_list":["post-26929","post","type-post","status-publish","format-standard","has-post-thumbnail","hentry","category-cultura-e-deportes","tag-baio","tag-obras","tag-pavillon","tag-zas"],"_links":{"self":[{"href":"https:\/\/concellodezas.gal\/en\/wp-json\/wp\/v2\/posts\/26929","targetHints":{"allow":["GET"]}}],"collection":[{"href":"https:\/\/concellodezas.gal\/en\/wp-json\/wp\/v2\/posts"}],"about":[{"href":"https:\/\/concellodezas.gal\/en\/wp-json\/wp\/v2\/types\/post"}],"author":[{"embeddable":true,"href":"https:\/\/concellodezas.gal\/en\/wp-json\/wp\/v2\/users\/5"}],"replies":[{"embeddable":true,"href":"https:\/\/concellodezas.gal\/en\/wp-json\/wp\/v2\/comments?post=26929"}],"version-history":[{"count":1,"href":"https:\/\/concellodezas.gal\/en\/wp-json\/wp\/v2\/posts\/26929\/revisions"}],"predecessor-version":[{"id":28952,"href":"https:\/\/concellodezas.gal\/en\/wp-json\/wp\/v2\/posts\/26929\/revisions\/28952"}],"wp:featuredmedia":[{"embeddable":true,"href":"https:\/\/concellodezas.gal\/en\/wp-json\/wp\/v2\/media\/26937"}],"wp:attachment":[{"href":"https:\/\/concellodezas.gal\/en\/wp-json\/wp\/v2\/media?parent=26929"}],"wp:term":[{"taxonomy":"category","embeddable":true,"href":"https:\/\/concellodezas.gal\/en\/wp-json\/wp\/v2\/categories?post=26929"},{"taxonomy":"post_tag","embeddable":true,"href":"https:\/\/concellodezas.gal\/en\/wp-json\/wp\/v2\/tags?post=26929"}],"curies":[{"name":"wp","href":"https:\/\/api.w.org\/{rel}","templated":true}]}}