{"id":26913,"date":"2025-10-10T12:30:38","date_gmt":"2025-10-10T10:30:38","guid":{"rendered":"https:\/\/concellodezas.gal\/mana-comeza-no-centro-sociocultural-de-zas-unha-nova-tempada-do-programa-de-baile-para-maiores\/"},"modified":"2025-12-22T16:47:09","modified_gmt":"2025-12-22T15:47:09","slug":"mana-comeza-no-centro-sociocultural-de-zas-unha-nova-tempada-do-programa-de-baile-para-maiores","status":"publish","type":"post","link":"https:\/\/concellodezas.gal\/en\/mana-comeza-no-centro-sociocultural-de-zas-unha-nova-tempada-do-programa-de-baile-para-maiores\/","title":{"rendered":"Ma\u00f1\u00e1 comeza no Centro Sociocultural de Zas unha nova tempada do programa de Baile para Maiores"},"content":{"rendered":"\n<p>Ma\u00f1\u00e1 s\u00e1bado comeza unha nova edici\u00f3n do <b>programa de Baile para Maiores <\/b>que se desenvolver\u00e1 todos os s\u00e1bados de 19:00 a 22:00 horas no Centro Sociocultural de Zas. Cada s\u00e1bado contaremos cunha actuaci\u00f3n de m\u00fasica en directo e o encargado de animar a primeira sesi\u00f3n, a de ma\u00f1\u00e1 d\u00eda 11 de outubro, ser\u00e1 o d\u00fao Mar da Vila. Seguiranlle Blanca Doble (o 18 de outubro) e o d\u00fao Mar de Cai\u00f3n (25 de outubro).<\/p>\n\n\n\n<p>Este \u00e9 un programa posto en marcha polo Concello de Zas dende hai m\u00e1is de dez anos<span class=\"Apple-converted-space\">&nbsp; <\/span>que se prolongar\u00e1 ata o ver\u00e1n cunha variedade de actuaci\u00f3ns musicais coas que se lles ofrece unha alternativa de ocio e de socializaci\u00f3n aos nosos maiores.<span class=\"Apple-converted-space\">&nbsp;<\/span><\/p>\n","protected":false},"excerpt":{"rendered":"<p>Haber\u00e1 sesi\u00f3ns de m\u00fasica en directo todos os s\u00e1bados de 19:00 a 22:00 horas<\/p>\n","protected":false},"author":5,"featured_media":26914,"comment_status":"open","ping_status":"closed","sticky":false,"template":"","format":"standard","meta":{"slim_seo":{"title":"Ma\u00f1\u00e1 comeza no Centro Sociocultural de Zas unha nova tempada do programa de Baile para Maiores - Concello de Zas","description":"Haber\u00e1 sesi\u00f3ns de m\u00fasica en directo todos os s\u00e1bados de 19:00 a 22:00 horas"},"footnotes":""},"categories":[413,570],"tags":[504,505,172,372],"class_list":["post-26913","post","type-post","status-publish","format-standard","has-post-thumbnail","hentry","category-cultura-e-deportes","category-sin-categorizar","tag-baile-maiores","tag-centro-sociocultural","tag-concello-de-zas","tag-zas"],"_links":{"self":[{"href":"https:\/\/concellodezas.gal\/en\/wp-json\/wp\/v2\/posts\/26913","targetHints":{"allow":["GET"]}}],"collection":[{"href":"https:\/\/concellodezas.gal\/en\/wp-json\/wp\/v2\/posts"}],"about":[{"href":"https:\/\/concellodezas.gal\/en\/wp-json\/wp\/v2\/types\/post"}],"author":[{"embeddable":true,"href":"https:\/\/concellodezas.gal\/en\/wp-json\/wp\/v2\/users\/5"}],"replies":[{"embeddable":true,"href":"https:\/\/concellodezas.gal\/en\/wp-json\/wp\/v2\/comments?post=26913"}],"version-history":[{"count":1,"href":"https:\/\/concellodezas.gal\/en\/wp-json\/wp\/v2\/posts\/26913\/revisions"}],"predecessor-version":[{"id":28957,"href":"https:\/\/concellodezas.gal\/en\/wp-json\/wp\/v2\/posts\/26913\/revisions\/28957"}],"wp:featuredmedia":[{"embeddable":true,"href":"https:\/\/concellodezas.gal\/en\/wp-json\/wp\/v2\/media\/26914"}],"wp:attachment":[{"href":"https:\/\/concellodezas.gal\/en\/wp-json\/wp\/v2\/media?parent=26913"}],"wp:term":[{"taxonomy":"category","embeddable":true,"href":"https:\/\/concellodezas.gal\/en\/wp-json\/wp\/v2\/categories?post=26913"},{"taxonomy":"post_tag","embeddable":true,"href":"https:\/\/concellodezas.gal\/en\/wp-json\/wp\/v2\/tags?post=26913"}],"curies":[{"name":"wp","href":"https:\/\/api.w.org\/{rel}","templated":true}]}}