{"id":26615,"date":"2025-10-04T12:18:23","date_gmt":"2025-10-04T10:18:23","guid":{"rendered":"https:\/\/concellodezas.gal\/?p=26615"},"modified":"2025-12-22T16:47:09","modified_gmt":"2025-12-22T15:47:09","slug":"as-festas-que-fan-vibrar-o-concello-de-zas","status":"publish","type":"post","link":"https:\/\/concellodezas.gal\/en\/as-festas-que-fan-vibrar-o-concello-de-zas\/","title":{"rendered":"As festas que fan vibrar o Concello de Zas"},"content":{"rendered":"\n<p>En Galicia, as festas son algo m\u00e1is que d\u00edas sinalados no calendario: son unha oportunidade para compartir, manter vivas as tradici\u00f3ns e crear lembranzas inesquecibles. No Concello de Zas, cada parroquia achega o seu gran de area cun programa propio de celebraci\u00f3ns que mesturan relixiosidade, m\u00fasica, gastronom\u00eda e encontros veci\u00f1ais.<\/p>\n\n\n\n<p>Ao longo de todo o ano, o municipio \u00e9nchese de <strong>romar\u00edas, verbenas, sesi\u00f3ns verm\u00fa e merendas campestres<\/strong>, convert\u00e9ndose nun destino perfecto para quen quere vivir Galicia desde dentro, gozando do ambiente aut\u00e9ntico que s\u00f3 se respira nas festas populares.<\/p>\n\n\n\n<p>Se te achegas ao Concello de Zas, apunta ben estas datas porque cada unha das s\u00faas festas \u00e9 unha viaxe \u00e1 esencia da nosa cultura<\/p>\n\n\n\n<h2 class=\"wp-block-heading\">Listado de festas no Concello de Zas<\/h2>\n\n\n\n<ul class=\"wp-block-list\">\n<li><strong>Festa da Carballeira de Baio:<\/strong>\u00a0A parroquia de Baio, pertencente ao municipio de Zas, celebrar\u00e1 o \u00faltimo Domingo de xu\u00f1o a tradicional\u00a0<em><strong>Festa da Carballeira<\/strong><\/em>\u00a0cunha gran romar\u00eda popular na que todos os asistentes poder\u00e1n desfrutar dun d\u00eda cheo de actuaci\u00f3ns musicais.<\/li>\n\n\n\n<li><strong>Rapa das Bestas de Carreira:\u00a0<\/strong>A tradicional\u00a0<em><strong>Rapa das Bestas<\/strong><\/em>\u00a0de Carreira ter\u00e1 lugar en A Pedragueira nomunicipio de Zas, o primeiro domingo de xullo. Os combatentes ser\u00e1n os encargados de reunir os cabalos para despois cortarlles as crins.<\/li>\n\n\n\n<li><strong>San Cristovo:\u00a0<\/strong>Os veci\u00f1oos da parroquia de Baio, no municipio de Zas, adem\u00e1is dos actos relixiosos que celebran cada ano na honra de San Cristovo, coa oraci\u00f3n de misas e procesi\u00f3n, tam\u00e9n llevar\u00e1n a cabo diversos actos l\u00fadicos que se suceder\u00e1n coa sesi\u00f3n verm\u00fa e as verbenas que ter\u00e1n lugar durante a noite para animar ao baile e \u00e1 festa a todos os veci\u00f1os e visitantes. Destaca o engalanado de coches en honor ao santo.<\/li>\n\n\n\n<li><strong>O Carme:<\/strong>\u00a0Os d\u00edas 15, 16 e 17 de xullo o municipio de Zas celebrar\u00e1 as s\u00faas festas patronais na honra da Virxe do Carme. Durante as tres xornadas festivas os asistentes poder\u00e1n desfrutar dos actos relixiosos as\u00ed como das actuaci\u00f3ns musicais das orquestras do momento.<\/li>\n\n\n\n<li><strong>Santiago Ap\u00f3stolo e Sant\u00edsimo Sacramento:<\/strong>\u00a0Festas relixiosas que se celebran na parroquia de Loro\u00f1o, pertencente ao municipio de Zas, con misas na honra de Santiago Ap\u00f3stolo e ao Sant\u00edsimo Sacramento e pola noite grandes verbenas coas actuaci\u00f3ns de orquestras do momento.<\/li>\n\n\n\n<li><strong>Romar\u00eda de Santa Margarida:\u00a0<\/strong>A romar\u00eda de Santa Margarida cel\u00e9brase no lugar de Mui\u00f1o e goza de gran tradici\u00f3n na comarca. Os actos relixiosos, a m\u00fasica a cargo de charangas e bandas de m\u00fasica e a tradicional merenda campestre completar\u00e1n a axenda dos dous d\u00edas de festa. Festivo local o 26 de xullo.<\/li>\n\n\n\n<li><strong><a href=\"http:\/\/www.festadacarballeira.com\/\" target=\"_blank\" rel=\"noopener\" title=\"Web da Carballeira de Zas\">Festa da C<\/a><a href=\"http:\/\/www.festadacarballeira.com\/festadacarballeira.html\" target=\"_blank\" rel=\"noreferrer noopener\">arballeira<\/a>: C<\/strong>elebrarase na Carballeira de Vilar, no municipio de Zas, a primeira fin de semana do mes de Agosto e contar\u00e1 coa presenza de co\u00f1ecidas agrupaci\u00f3ns de m\u00fasica tradicional e folcl\u00f3rica, chegadas desde distintos puntos da geograf\u00eda espa\u00f1ola e do estranxeiro.<\/li>\n\n\n\n<li><strong>Romar\u00eda de San Roque do Monte:\u00a0<\/strong>Durante o cuarto s\u00e1bado de agosto celebrarase na parroquia de Mira, municipio de Zas, a Romar\u00eda de\u00a0<em><strong>San Roque del Monte<\/strong><\/em>. Os asistentes \u00e1 citada romar\u00eda poder\u00e1n desfrutar dos actos relixiosos as\u00ed como das actuaci\u00f3ns musicais a cargo das orquestras do momento. Caracter\u00edzase por unha multitudinaria merenda campestre.<\/li>\n\n\n\n<li><strong>Patronais de Baio:\u00a0<\/strong>A parroquia de Baio, municipio de Zas, celebrar\u00e1 os d\u00edas 6, 7 e 8 de setembro a s\u00faa festa patronal na honra da Virxe do Carme, San Antonio, San Roque e Santa Mar\u00eda. Os asistentes a estas tres xornadas festivas poder\u00e1n desfrutar cos actos relixiosos e as variadas actuaci\u00f3ns musicais.<\/li>\n\n\n\n<li><strong>Santa Cecilia:\u00a0<\/strong>O lugar de Rus na parroquia de Roma, municipio de Zas, celebrar\u00e1 o pr\u00f3ximo 16 e 17 de novembro a s\u00faa festa na honra de San Antonio e Santa Cecilia. Os asistentes a estas d\u00faas xornadas festivas poder\u00e1n participar nos tradicionais actos relixiosos e desfrutar coas variadas actuaci\u00f3ns musicais a cargo de orquestas do momento.<\/li>\n<\/ul>\n\n\n\n<p>Ao longo do ano podremos desfrutar de outras moitas festividades que se celebran en cada unha das parroquias do noso municipio.<\/p>\n","protected":false},"excerpt":{"rendered":"<p>En Galicia, as festas son algo m\u00e1is que d\u00edas sinalados no calendario: son unha oportunidade para compartir, manter vivas as tradici\u00f3ns e crear lembranzas inesquecibles. No Concello de Zas, cada parroquia achega o seu gran de area cun programa propio de celebraci\u00f3ns que mesturan relixiosidade, m\u00fasica, gastronom\u00eda e encontros veci\u00f1ais. Ao longo de todo o [&hellip;]<\/p>\n","protected":false},"author":5,"featured_media":1929,"comment_status":"open","ping_status":"closed","sticky":false,"template":"","format":"standard","meta":{"slim_seo":{"title":"As festas que fan vibrar o Concello de Zas - Concello de Zas","description":"En Galicia, as festas son algo m\u00e1is que d\u00edas sinalados no calendario: son unha oportunidade para compartir, manter vivas as tradici\u00f3ns e crear lembranzas inesqu"},"footnotes":""},"categories":[421],"tags":[490,491],"class_list":["post-26615","post","type-post","status-publish","format-standard","has-post-thumbnail","hentry","category-blog","tag-festas","tag-que-facer"],"_links":{"self":[{"href":"https:\/\/concellodezas.gal\/en\/wp-json\/wp\/v2\/posts\/26615","targetHints":{"allow":["GET"]}}],"collection":[{"href":"https:\/\/concellodezas.gal\/en\/wp-json\/wp\/v2\/posts"}],"about":[{"href":"https:\/\/concellodezas.gal\/en\/wp-json\/wp\/v2\/types\/post"}],"author":[{"embeddable":true,"href":"https:\/\/concellodezas.gal\/en\/wp-json\/wp\/v2\/users\/5"}],"replies":[{"embeddable":true,"href":"https:\/\/concellodezas.gal\/en\/wp-json\/wp\/v2\/comments?post=26615"}],"version-history":[{"count":1,"href":"https:\/\/concellodezas.gal\/en\/wp-json\/wp\/v2\/posts\/26615\/revisions"}],"predecessor-version":[{"id":28961,"href":"https:\/\/concellodezas.gal\/en\/wp-json\/wp\/v2\/posts\/26615\/revisions\/28961"}],"wp:featuredmedia":[{"embeddable":true,"href":"https:\/\/concellodezas.gal\/en\/wp-json\/wp\/v2\/media\/1929"}],"wp:attachment":[{"href":"https:\/\/concellodezas.gal\/en\/wp-json\/wp\/v2\/media?parent=26615"}],"wp:term":[{"taxonomy":"category","embeddable":true,"href":"https:\/\/concellodezas.gal\/en\/wp-json\/wp\/v2\/categories?post=26615"},{"taxonomy":"post_tag","embeddable":true,"href":"https:\/\/concellodezas.gal\/en\/wp-json\/wp\/v2\/tags?post=26615"}],"curies":[{"name":"wp","href":"https:\/\/api.w.org\/{rel}","templated":true}]}}