{"id":24902,"date":"2022-02-15T15:35:49","date_gmt":"2022-02-15T14:35:49","guid":{"rendered":"https:\/\/concellodezas.gal\/o-entroido-volve-as-ruas-do-noso-concello-con-actividades-para-toda-a-familia\/"},"modified":"2025-09-25T11:54:09","modified_gmt":"2025-09-25T09:54:09","slug":"o-entroido-volve-as-ruas-do-noso-concello-con-actividades-para-toda-a-familia","status":"publish","type":"post","link":"https:\/\/concellodezas.gal\/en\/o-entroido-volve-as-ruas-do-noso-concello-con-actividades-para-toda-a-familia\/","title":{"rendered":"O Entroido volve \u00e1s r\u00faas do noso concello con actividades para toda a familia"},"content":{"rendered":"<p><em>O pavill\u00f3n municipal de Zas acolle o 1 de marzo o tradicional concurso de disfraces con 1.750\u20ac en premios<\/em><\/p>\n<p>\u00a0<\/p>\n<p>Xa est\u00e1 aqu\u00ed o <strong>Entroido 2022 <\/strong>e no Concello de Zas acabamos de dese\u00f1ar un programa con actividades para que toda a familia Saia \u00e1s r\u00faas para desfrutar dunha das nosas festas m\u00e1is t\u00edpicas. Pasarr\u00faas, desfiles, obradoiros infant\u00eds, concurso de disfraces e filloas \u00e1 pedra forman parte da completa programaci\u00f3n artellada polo departamento de Cultura do Concello de Zas e que detallamos a continuaci\u00f3n:<\/p>\n<ul>\n<li>Domingo, 20 de febreiro. Baio<\/li>\n<\/ul>\n<p>&#8211; 11:30 horas: <strong>Pasarr\u00faas e cantos de taberna<\/strong> co grupo Gaiteiros Desbrosadores e Nelson Quinteiro<\/p>\n<ul>\n<li>S\u00e1bado, 26 de febreiro. Baio<\/li>\n<\/ul>\n<p>&#8211; 17:30 horas: <strong>Desfile ancestral<\/strong> polas r\u00faas de Baio cos grupos Gaiteiros Desbrosadores, Gaiteiros das R\u00edas Baixas e colectivo M\u00e1is Cantos<\/p>\n<p>&#8211; 18:30 horas: <strong>Ser\u00e1n de entroido<\/strong> na nova praza de Baio cos grupos do desfile e a dinamizaci\u00f3n do grupo Tabernarios Tr\u00edo<\/p>\n<ul>\n<li><strong>Obradoiros infant\u00eds<\/strong><\/li>\n<\/ul>\n<p>&#8211; Domingo, 27 de febreiro (Torres do Allo). 16:00 horas. Obradorio de entroido para nenas e nenos de 4 a 12 anos<\/p>\n<p>&#8211; Luns, 28 de febreiro (Centro Sociocultural de Zas). De 11:00 a 13:00 horas: Obradoiro de entroido para nenas e nenos de 4 a 12 anos<\/p>\n<p>&#8211; Martes, 1 de marzo<span class=\"Apple-converted-space\">\u00a0 <\/span>(Centro Sociocultural de Baio). De 11:00 a 13:00 horas: Obradoiro de entroido para nenas e nenos de 4 a 12 anos<\/p>\n<p>Para participar en calquera destes obradoiros \u00e9 obrigatorio anotarse previamente no Centro Sociocultural de Zas (981 751 398) ou no Centro Sociocultural de Baio (981 718 056).<span class=\"Apple-converted-space\">\u00a0<\/span><\/p>\n<ul>\n<li><strong>Concurso de disfraces<\/strong><span class=\"Apple-converted-space\">\u00a0<\/span><\/li>\n<\/ul>\n<p>O martes de entroido, 1 de marzo, celebramos o tradicional concurso de disfraces no pavill\u00f3n municipal de Zas.<span class=\"Apple-converted-space\">\u00a0 <\/span>A festa comeza \u00e1s 16:00 horas cun espect\u00e1culo de cabar\u00e9 infantil e co reparto de filloas \u00e1 pedra. E xa as 19:00 horas comezar\u00e1 o concurso de disfraces no que se repartir\u00e1n 1.750\u20ac en premios distribuidos nas seguintes categor\u00edas:<\/p>\n<ul>\n<li><strong>Categor\u00eda A (de 0 a 5 anos)<\/strong><\/li>\n<\/ul>\n<p>&#8211; 1\u00ba premio: 150\u20ac<\/p>\n<p>&#8211; 2\u00ba premio: 75\u20ac<\/p>\n<ul>\n<li>3\u00ba premio: 50\u20ac<\/li>\n<\/ul>\n<ul>\n<li><strong>Categor\u00eda B (de 6 a 14 anos)<\/strong><\/li>\n<\/ul>\n<p>&#8211; 1\u00ba premio: 150\u20ac<\/p>\n<p>&#8211; 2\u00ba premio: 75\u20ac<\/p>\n<ul>\n<li>3\u00ba premio: 50\u20ac<\/li>\n<\/ul>\n<ul>\n<li><strong>Categor\u00eda C (maiores de 15 anos)<\/strong><\/li>\n<\/ul>\n<p>&#8211; 1\u00ba premio: 250\u20ac<\/p>\n<p>&#8211; 2\u00ba premio: 150\u20ac<\/p>\n<ul>\n<li>3\u00ba premio: 100\u20ac<\/li>\n<\/ul>\n<ul>\n<li><strong>Grupos e comparsas<\/strong><\/li>\n<\/ul>\n<p>&#8211; 1\u00ba premio: 300\u20ac<\/p>\n<p>&#8211; 2\u00ba premio: 200\u20ac<\/p>\n<ul>\n<li>3\u00ba premio: 100\u20ac<\/li>\n<\/ul>\n<ul>\n<li><strong>Premio especial \u201cZaschoqueiro\u201d: 100\u20ac <\/strong>(no que se valorar\u00e1 a peculiaridade e a orixinalidade do disfraz que debe ser artesanal)<\/li>\n<\/ul>\n<p>Para participar no concurso de disfraces \u00e9 necesario anotarse previamente nas dependencias municipiais ou o propio d\u00eda do certame antes das 18:00 horas no pavill\u00f3n de Zas entregando debidamente cumprimentada a Ficha de Inscrici\u00f3n que se pode descargar a trav\u00e9s da seguinte ligaz\u00f3n da Sede Electr\u00f3nica do Concello de Zas: <a href=\"https:\/\/bit.ly\/3BmHN6Z\">https:\/\/bit.ly\/3BmHN6Z<\/a><\/p>\n<p><strong>COVID19<\/strong><\/p>\n<p>\u00c9 importante recordar que en todo momento seguirase a evoluci\u00f3n da pandemia e ser\u00e1 obrigatorio cumprir todas as medidas de prevenci\u00f3n sinaladas polas autoridades sanitarias para frear a COVID19.<span class=\"Apple-converted-space\">\u00a0<\/span><\/p>\n","protected":false},"excerpt":{"rendered":"<p>O pavill\u00f3n municipal de Zas acolle o 1 de marzo o tradicional concurso de disfraces con 1.750\u20ac en premios \u00a0 Xa est\u00e1 aqu\u00ed o Entroido 2022 e no Concello de Zas acabamos de dese\u00f1ar un programa con actividades para que toda a familia Saia \u00e1s r\u00faas para desfrutar dunha das nosas festas m\u00e1is t\u00edpicas. Pasarr\u00faas, [&hellip;]<\/p>\n","protected":false},"author":3,"featured_media":24903,"comment_status":"open","ping_status":"closed","sticky":false,"template":"","format":"standard","meta":{"slim_seo":{"title":"O Entroido volve \u00e1s r\u00faas do noso concello con actividades para toda a familia - Concello de Zas","description":"O pavill\u00f3n municipal de Zas acolle o 1 de marzo o tradicional concurso de disfraces con 1.750\u20ac en premios \u00a0 Xa est\u00e1 aqu\u00ed o Entroido 2022 e no Concello de Zas ac"},"footnotes":""},"categories":[10],"tags":[],"class_list":["post-24902","post","type-post","status-publish","format-standard","has-post-thumbnail","hentry","category-concello"],"_links":{"self":[{"href":"https:\/\/concellodezas.gal\/en\/wp-json\/wp\/v2\/posts\/24902","targetHints":{"allow":["GET"]}}],"collection":[{"href":"https:\/\/concellodezas.gal\/en\/wp-json\/wp\/v2\/posts"}],"about":[{"href":"https:\/\/concellodezas.gal\/en\/wp-json\/wp\/v2\/types\/post"}],"author":[{"embeddable":true,"href":"https:\/\/concellodezas.gal\/en\/wp-json\/wp\/v2\/users\/3"}],"replies":[{"embeddable":true,"href":"https:\/\/concellodezas.gal\/en\/wp-json\/wp\/v2\/comments?post=24902"}],"version-history":[{"count":0,"href":"https:\/\/concellodezas.gal\/en\/wp-json\/wp\/v2\/posts\/24902\/revisions"}],"wp:featuredmedia":[{"embeddable":true,"href":"https:\/\/concellodezas.gal\/en\/wp-json\/wp\/v2\/media\/24903"}],"wp:attachment":[{"href":"https:\/\/concellodezas.gal\/en\/wp-json\/wp\/v2\/media?parent=24902"}],"wp:term":[{"taxonomy":"category","embeddable":true,"href":"https:\/\/concellodezas.gal\/en\/wp-json\/wp\/v2\/categories?post=24902"},{"taxonomy":"post_tag","embeddable":true,"href":"https:\/\/concellodezas.gal\/en\/wp-json\/wp\/v2\/tags?post=24902"}],"curies":[{"name":"wp","href":"https:\/\/api.w.org\/{rel}","templated":true}]}}