{"id":24790,"date":"2021-08-29T00:13:49","date_gmt":"2021-08-28T22:13:49","guid":{"rendered":"https:\/\/concellodezas.gal\/o-concello-de-zas-recibe-diversos-documentos-orixinais-de-enrique-labarta-pose-para-a-sua-difusion-exposicion-e-estudo\/"},"modified":"2025-09-25T11:53:14","modified_gmt":"2025-09-25T09:53:14","slug":"o-concello-de-zas-recibe-diversos-documentos-orixinais-de-enrique-labarta-pose-para-a-sua-difusion-exposicion-e-estudo","status":"publish","type":"post","link":"https:\/\/concellodezas.gal\/en\/o-concello-de-zas-recibe-diversos-documentos-orixinais-de-enrique-labarta-pose-para-a-sua-difusion-exposicion-e-estudo\/","title":{"rendered":"O Concello de Zas recibe diversos documentos orixinais de Enrique Labarta Pose para a s\u00faa difusi\u00f3n, exposici\u00f3n e estudo"},"content":{"rendered":"<ul>\n<li><em>O legado herdouno o bai\u00e9s Jos\u00e9 Rojo Vali\u00f1a, Pepe de Vali\u00f1a, e agora foron as s\u00faas irm\u00e1ns Olga e Teresa as que cederon a documentaci\u00f3n<\/em><\/li>\n<li><em>No acto de sinatura, que tivo lugar nas Torres do Allo, o Alcalde de Zas destacou a importancia do material que quedar\u00e1 exposto no Centro Sociocultural de Baio<\/em><\/li>\n<\/ul>\n<p>\u00a0<\/p>\n<p>Nas pr\u00f3ximas semanas o Concello de Zas expo\u00f1er\u00e1 de forma permanente diverso material orixinal de Enrique Labarta Pose. Este foi o compromiso que adquiriu o Concello de Zas unha vez que esta ma\u00f1\u00e1 se asinase o convenio de cesi\u00f3n de dita documentaci\u00f3n que conservaban Teresa e Olga Rojo Vali\u00f1a despois de que o seu irm\u00e1n, \u201cPepe de Vali\u00f1a\u201d, herdase o legado do escritor bai\u00e9s.<span class=\"Apple-converted-space\">\u00a0<\/span><\/p>\n<p>O Alcalde de Zas, Manuel Mu\u00ed\u00f1o Espasand\u00edn, agradeceu a cesi\u00f3n que ve\u00f1en de facer as irm\u00e1ns Rojo Vali\u00f1a as\u00ed como o seu esforzo por conservar esta documentaci\u00f3n de gran importancia hist\u00f3rica. O rexedor lembrou a Pepe de Vali\u00f1a, herdeiro do legado, e \u00e1 s\u00faa \u201cteima\u201d por gardar e darlle valor a todo o relacionado sobre Labarta Pose e pola s\u00faa entrega ao pobo de Baio.<span class=\"Apple-converted-space\">\u00a0<\/span><\/p>\n<p>Coa firma deste convenio, o Concello de Zas adquire o compromiso de expo\u00f1er nun lugar p\u00fablico toda a documentaci\u00f3n cedida co fin de difundir a memoria e protexer o legado de Enrique Labarta Pose. A partir das pr\u00f3ximas semanas todo o material estar\u00e1 exposto no Centro Sociocultural de Baio.<\/p>\n<p>A cesi\u00f3n incl\u00fae varios libros orixinais de Labarta Pose, tales como \u201c\u00daltima novedad\u201d, \u201cB\u00e1lsamo de Fierabr\u00e1s\u201d, \u201cAdormideras\u201d, entre outros; revistas (Galicia Humor\u00edstica, Pasatiempos, Galicia Moderna,\u2026); mecanoscritos; diversos documentos tales como un poster de Enrique Labarta Pose inclu\u00edndo o seu poema \u201cLibertad\u201d, varias tarxetas postais de Jabier Pintos ao escritor bai\u00e9s, artigos xornal\u00edsticos,\u2026; e manuscritos.<\/p>\n<p>Teresa Rojo quixo agradecer a disposici\u00f3n do Concello de Zas polo seu inter\u00e9s polo legado de Labarta Pose e por \u201ccumprir o seu desexo que expresa no poema <em>Lev\u00e1deme pra mi\u00f1a aldea<\/em>\u201d.<span class=\"Apple-converted-space\">\u00a0<\/span><\/p>\n<p>En canto \u00e1 documentaci\u00f3n cedida, Chema Lema &#8211; un dos fil\u00f3logos que forma parte da Comisi\u00f3n Labarta Pose e que se encargou da catalogaci\u00f3n do legado &#8211; destacou a importancia que ten para a vila de Baio que se faga p\u00fablico este material \u201cnon s\u00f3 porque entre el se atopen as primeiras edici\u00f3ns dalgunhas das obras de Labarta senon porque son as primeiras edici\u00f3ns que o propio autor gardou para s\u00ed durante toda a s\u00faa vida e que foi pasado aos seus fillos e netos\u201d.<span class=\"Apple-converted-space\">\u00a0<\/span><\/p>\n<p><strong>D\u00eda das Letras Galegas<\/strong><\/p>\n<p>Este compromiso forma parte dunha serie de actividades que o Concello de Zas est\u00e1 levando a cabo co fin de dar a co\u00f1ecer a vida e obra de Enrique Labarta Pose e, xunto co traballo da Comisi\u00f3n Labarta Pose, reivindicar a concesi\u00f3n do D\u00eda das Letras Galegas ao escritor bai\u00e9s.<\/p>\n<p>Precisamente se encargou de pechar o acto o portavoz de dita comisi\u00f3n, Jorge Mira P\u00e9rez. \u201cLabarta tivo unha vida moi itinerante, sobre todo nos seus \u00faltimos anos de vida. Como todo bai\u00e9s tiraba moito para aqu\u00ed as\u00ed que estar\u00eda moi contento de ver como o seu legado est\u00e1 na s\u00faa vila\u201d. Jorge Mira tam\u00e9n reco\u00f1eceu o papel de Pepe Vali\u00f1a, herdeiro do legado, e \u201cque foi un axente axitador \u00fanico en Baio\u201d as\u00ed como o traballo das s\u00faas irm\u00e1ns Olga e Teresa.<\/p>\n<p>Por outra parte, contin\u00faa exposta ata o vindeiro martes, d\u00eda 31 de agosto, no paseo fluvial de Baio a <a href=\"..\/..\/..\noticia\/gl\/1135\/n\">exposici\u00f3n ao aire libre sobre a figura de Enrique Labarta Pose<\/a>\u00a0coa que o Concello de Zas quere achegar a vida e obra do escritor a toda a veci\u00f1anza. Dende a s\u00faa inauguraci\u00f3n, que tivo lugar o pasado 24 de xullo, moitos veci\u00f1os e veci\u00f1as da vila e da contorna acheg\u00e1ronse ata o lugar para visitar a mostra composta por seis paneis con fotograf\u00edas hist\u00f3ricas e textos explicativos sobre os seus traballos.<\/p>\n","protected":false},"excerpt":{"rendered":"<p>O legado herdouno o bai\u00e9s Jos\u00e9 Rojo Vali\u00f1a, Pepe de Vali\u00f1a, e agora foron as s\u00faas irm\u00e1ns Olga e Teresa as que cederon a documentaci\u00f3n No acto de sinatura, que tivo lugar nas Torres do Allo, o Alcalde de Zas destacou a importancia do material que quedar\u00e1 exposto no Centro Sociocultural de Baio \u00a0 Nas [&hellip;]<\/p>\n","protected":false},"author":3,"featured_media":24791,"comment_status":"open","ping_status":"closed","sticky":false,"template":"","format":"standard","meta":{"slim_seo":{"title":"O Concello de Zas recibe diversos documentos orixinais de Enrique Labarta Pose para a s\u00faa difusi\u00f3n, exposici\u00f3n e estudo - Concello de Zas","description":"O legado herdouno o bai\u00e9s Jos\u00e9 Rojo Vali\u00f1a, Pepe de Vali\u00f1a, e agora foron as s\u00faas irm\u00e1ns Olga e Teresa as que cederon a documentaci\u00f3n No acto de sinatura, que t"},"footnotes":""},"categories":[10],"tags":[],"class_list":["post-24790","post","type-post","status-publish","format-standard","has-post-thumbnail","hentry","category-concello"],"_links":{"self":[{"href":"https:\/\/concellodezas.gal\/en\/wp-json\/wp\/v2\/posts\/24790","targetHints":{"allow":["GET"]}}],"collection":[{"href":"https:\/\/concellodezas.gal\/en\/wp-json\/wp\/v2\/posts"}],"about":[{"href":"https:\/\/concellodezas.gal\/en\/wp-json\/wp\/v2\/types\/post"}],"author":[{"embeddable":true,"href":"https:\/\/concellodezas.gal\/en\/wp-json\/wp\/v2\/users\/3"}],"replies":[{"embeddable":true,"href":"https:\/\/concellodezas.gal\/en\/wp-json\/wp\/v2\/comments?post=24790"}],"version-history":[{"count":0,"href":"https:\/\/concellodezas.gal\/en\/wp-json\/wp\/v2\/posts\/24790\/revisions"}],"wp:featuredmedia":[{"embeddable":true,"href":"https:\/\/concellodezas.gal\/en\/wp-json\/wp\/v2\/media\/24791"}],"wp:attachment":[{"href":"https:\/\/concellodezas.gal\/en\/wp-json\/wp\/v2\/media?parent=24790"}],"wp:term":[{"taxonomy":"category","embeddable":true,"href":"https:\/\/concellodezas.gal\/en\/wp-json\/wp\/v2\/categories?post=24790"},{"taxonomy":"post_tag","embeddable":true,"href":"https:\/\/concellodezas.gal\/en\/wp-json\/wp\/v2\/tags?post=24790"}],"curies":[{"name":"wp","href":"https:\/\/api.w.org\/{rel}","templated":true}]}}