{"id":24770,"date":"2021-08-11T16:19:30","date_gmt":"2021-08-11T14:19:30","guid":{"rendered":"https:\/\/concellodezas.gal\/o-goberno-municipal-de-zas-oponse-ao-peche-da-oficina-de-abanca-da-vila\/"},"modified":"2025-09-25T11:53:06","modified_gmt":"2025-09-25T09:53:06","slug":"o-goberno-municipal-de-zas-oponse-ao-peche-da-oficina-de-abanca-da-vila","status":"publish","type":"post","link":"https:\/\/concellodezas.gal\/en\/o-goberno-municipal-de-zas-oponse-ao-peche-da-oficina-de-abanca-da-vila\/","title":{"rendered":"O Goberno Municipal de Zas oponse ao peche da oficina de Abanca da vila"},"content":{"rendered":"<ul>\n<li><em>Est\u00e1 previsto que cerre definitivamente as s\u00faas portas o vindeiro 8 de setembro<\/em><\/li>\n<li><em>O Alcalde de Zas, Manuel Mu\u00ed\u00f1o porase en contacto cos demais rexedores da zona para iniciar acci\u00f3ns conxuntas e evitar o peche das sucursais bancarias no rural<\/em><\/li>\n<\/ul>\n<p>\u00a0<\/p>\n<p>Est\u00e1 previsto que o vindeiro 8 de setembro peche a oficina de Abanca situada en Zas, un feito ao que se op\u00f3n rotundamente o Goberno Municipal. Para o Alcalde de Zas, Manuel Mu\u00ed\u00f1o, este peche sup\u00f3n un serio problema tanto para a veci\u00f1anza como para o comercio local xa que se lles priva da atenci\u00f3n persoal e que se agrava ao tratarse dunha sucursal ubicada na propia capital municipal.<span class=\"Apple-converted-space\">\u00a0<\/span><\/p>\n<p>\u201cNo noso concello temos unha poboaci\u00f3n envellecida que, en moitos casos, ten dificultades para desprazarse a outras zonas como Baio ou Santa Comba para facer as diversas xesti\u00f3ns bancarias. Este peche \u00e9 un ataque m\u00e1is ao rural galego adem\u00e1is de supo\u00f1er un novo abuso para a clientela xa que a maior parte non ten os co\u00f1ecementos necesarios para xestionar a s\u00faa banca online obrig\u00e1ndoos as\u00ed a que terceiras persoas xestionen as s\u00faas contas\u201d.<span class=\"Apple-converted-space\">\u00a0<\/span><\/p>\n<p>O Goberno Local co\u00f1eceu hoxe mesmo desta decisi\u00f3n polo que Manuel Mu\u00ed\u00f1o intenta coordinar acci\u00f3ns con outros rexedores da zona para evitar este problema que afecta a moitas m\u00e1is localidades do rural. \u201cTodas e todos sufrimos o constante abuso do sector bancario co aumento das comisi\u00f3ns e a reducci\u00f3n dos servizos ofrecidos e que axudan a engordar os beneficios da banca privada\u201d, critica Mu\u00ed\u00f1o. <span class=\"Apple-converted-space\">\u00a0<\/span><\/p>\n<p>O rexedor de Zas lembra que Abanca foi rescatada con 9.000 mill\u00f3ns de euros de di\u00f1eiro p\u00fablico e \u201cmalvendida por mil mill\u00f3ns de euros\u201d a unha empresa que ano tras anos presenta beneficios a base de centralizar as operaci\u00f3ns na banca virtual incrementando abusivamente as comisi\u00f3ns e coa conseguinte destrucci\u00f3n de emprego e limitaci\u00f3n da atenci\u00f3n ao cliente. \u201cEstas son as consecuencias que pagamos agora todas e todos\u201d, indica Mu\u00ed\u00f1o.<\/p>\n","protected":false},"excerpt":{"rendered":"<p>Est\u00e1 previsto que cerre definitivamente as s\u00faas portas o vindeiro 8 de setembro O Alcalde de Zas, Manuel Mu\u00ed\u00f1o porase en contacto cos demais rexedores da zona para iniciar acci\u00f3ns conxuntas e evitar o peche das sucursais bancarias no rural \u00a0 Est\u00e1 previsto que o vindeiro 8 de setembro peche a oficina de Abanca situada [&hellip;]<\/p>\n","protected":false},"author":3,"featured_media":24771,"comment_status":"open","ping_status":"closed","sticky":false,"template":"","format":"standard","meta":{"slim_seo":{"title":"O Goberno Municipal de Zas oponse ao peche da oficina de Abanca da vila - Concello de Zas","description":"Est\u00e1 previsto que cerre definitivamente as s\u00faas portas o vindeiro 8 de setembro O Alcalde de Zas, Manuel Mu\u00ed\u00f1o porase en contacto cos demais rexedores da zona p"},"footnotes":""},"categories":[10],"tags":[],"class_list":["post-24770","post","type-post","status-publish","format-standard","has-post-thumbnail","hentry","category-concello"],"_links":{"self":[{"href":"https:\/\/concellodezas.gal\/en\/wp-json\/wp\/v2\/posts\/24770","targetHints":{"allow":["GET"]}}],"collection":[{"href":"https:\/\/concellodezas.gal\/en\/wp-json\/wp\/v2\/posts"}],"about":[{"href":"https:\/\/concellodezas.gal\/en\/wp-json\/wp\/v2\/types\/post"}],"author":[{"embeddable":true,"href":"https:\/\/concellodezas.gal\/en\/wp-json\/wp\/v2\/users\/3"}],"replies":[{"embeddable":true,"href":"https:\/\/concellodezas.gal\/en\/wp-json\/wp\/v2\/comments?post=24770"}],"version-history":[{"count":0,"href":"https:\/\/concellodezas.gal\/en\/wp-json\/wp\/v2\/posts\/24770\/revisions"}],"wp:featuredmedia":[{"embeddable":true,"href":"https:\/\/concellodezas.gal\/en\/wp-json\/wp\/v2\/media\/24771"}],"wp:attachment":[{"href":"https:\/\/concellodezas.gal\/en\/wp-json\/wp\/v2\/media?parent=24770"}],"wp:term":[{"taxonomy":"category","embeddable":true,"href":"https:\/\/concellodezas.gal\/en\/wp-json\/wp\/v2\/categories?post=24770"},{"taxonomy":"post_tag","embeddable":true,"href":"https:\/\/concellodezas.gal\/en\/wp-json\/wp\/v2\/tags?post=24770"}],"curies":[{"name":"wp","href":"https:\/\/api.w.org\/{rel}","templated":true}]}}