{"id":24706,"date":"2021-02-26T16:28:49","date_gmt":"2021-02-26T15:28:49","guid":{"rendered":"https:\/\/concellodezas.gal\/o-concello-de-zas-retoma-a-sua-actividade-cultural-con-espectaculos-para-crianzas-e-para-adultos\/"},"modified":"2025-09-25T11:52:34","modified_gmt":"2025-09-25T09:52:34","slug":"o-concello-de-zas-retoma-a-sua-actividade-cultural-con-espectaculos-para-crianzas-e-para-adultos","status":"publish","type":"post","link":"https:\/\/concellodezas.gal\/en\/o-concello-de-zas-retoma-a-sua-actividade-cultural-con-espectaculos-para-crianzas-e-para-adultos\/","title":{"rendered":"O Concello de Zas retoma a s\u00faa actividade cultural con espect\u00e1culos para crianzas e para adultos"},"content":{"rendered":"<p><em>Todas as funci\u00f3ns son gratu\u00edtas e para asistir \u00e9 necesario reservar entrada a trav\u00e9s do n\u00famero de tel\u00e9fono 981 751 398<\/em><br \/>\u00a0<\/p>\n<p>\u00a0<\/p>\n<p>O <strong>Concello de Zas<\/strong>, a trav\u00e9s do seu departamento de Cultura, retoma a actividade cultural que se interrompiu no pasado mes de xaneiro debido a que a nosa comunidade entrou nun nivel m\u00e1ximo de restrici\u00f3n provocada pola Covid-19.<span class=\"Apple-converted-space\">\u00a0<\/span><\/p>\n<p>Na programaci\u00f3n cultural prevista para o pr\u00f3ximo mes de marzo os protagonista volver\u00e1n ser os m\u00e1is novos da casa a\u00ednda que tam\u00e9n hai espect\u00e1culos dirixidos ao p\u00fablico adulto. Tomade nota de todas as citas:<span class=\"Apple-converted-space\">\u00a0<\/span><\/p>\n<ul>\n<li><strong>2 de marzo: <\/strong>Paco Nogueiras tra\u00e9nos o seu espect\u00e1culo \u201cBrinca Vai!\u201d \u00c1 Axencia de Lectura de Baio. A funci\u00f3n, dirixido \u00f3 p\u00fablico familiar, comeza \u00e1s 18:00 horas<\/li>\n<li><strong>9 marzo: <\/strong>Os rati\u00f1os de Trinke Trinke Teatro volven \u00e1 Biblioteca Municipal de Zas cos seus \u201cContos para andar o Cami\u00f1o\u201d. Tam\u00e9n \u00e1s 18:00 horas<\/li>\n<li><strong>12 de marzo:<\/strong> Nesta ocasi\u00f3n, Redrum Teatro traenos ao Auditorio do Concello a a s\u00faa obra \u201cInvisibles\u201d dirixida ao p\u00fablico adulto. A funci\u00f3n comeza \u00e1s 20:00 horas.<\/li>\n<li><strong>16 de marzo: <\/strong>Paco Nogueiras repite o seu espect\u00e1culo infantil \u201cBrinca Vai!\u201d Na Biblioteca Municipal de Zas. Comeza \u00e1s 18:00 horas<\/li>\n<li><strong>23 de marzo: <\/strong>A Axencia de Lectura de Baio recibe \u00e1s 18:00 horas aos rati\u00f1os de Trinke Trinke Teatro que nos traen os seus \u201cContos para andar o Cami\u00f1o\u201d<\/li>\n<li><strong>27 de marzo:<\/strong> \u201cA Carreta Pantasma\u201d, protagonizada por Paula Carballeira, \u00e9 o t\u00edtulo da obra de teatro que ter\u00e1 lugar o 27 de marzo as 20:00 horas no Auditorio do Concello. Este \u00e9 un espect\u00e1culo de Berrobamb\u00e1n dirixido ao p\u00fablico adulto.<\/li>\n<\/ul>\n<p>\u00a0<\/p>\n<p><strong>Reserva de prazas<\/strong><\/p>\n<p>En todos os eventos seguiranse as normas de hixiene e seguridade vixentes polo que o aforo estar\u00e1 limitado. Por este motivo \u00e9 necesario reservar as entradas prevamente a trav\u00e9s do n\u00famero 981 751 398 (Centro Sociocultural de Zas) de luns a venres en horario de 9:00 a 14:00 horas. Lembrade que \u00e9 obrigatorio o uso de m\u00e1scara!<\/p>\n","protected":false},"excerpt":{"rendered":"<p>Todas as funci\u00f3ns son gratu\u00edtas e para asistir \u00e9 necesario reservar entrada a trav\u00e9s do n\u00famero de tel\u00e9fono 981 751 398\u00a0 \u00a0 O Concello de Zas, a trav\u00e9s do seu departamento de Cultura, retoma a actividade cultural que se interrompiu no pasado mes de xaneiro debido a que a nosa comunidade entrou nun nivel m\u00e1ximo [&hellip;]<\/p>\n","protected":false},"author":3,"featured_media":0,"comment_status":"open","ping_status":"closed","sticky":false,"template":"","format":"standard","meta":{"slim_seo":{"title":"O Concello de Zas retoma a s\u00faa actividade cultural con espect\u00e1culos para crianzas e para adultos - Concello de Zas","description":"Todas as funci\u00f3ns son gratu\u00edtas e para asistir \u00e9 necesario reservar entrada a trav\u00e9s do n\u00famero de tel\u00e9fono 981 751 398 \u00a0 \u00a0 O Concello de Zas , a trav\u00e9s do seu d"},"footnotes":""},"categories":[10],"tags":[],"class_list":["post-24706","post","type-post","status-publish","format-standard","hentry","category-concello"],"_links":{"self":[{"href":"https:\/\/concellodezas.gal\/en\/wp-json\/wp\/v2\/posts\/24706","targetHints":{"allow":["GET"]}}],"collection":[{"href":"https:\/\/concellodezas.gal\/en\/wp-json\/wp\/v2\/posts"}],"about":[{"href":"https:\/\/concellodezas.gal\/en\/wp-json\/wp\/v2\/types\/post"}],"author":[{"embeddable":true,"href":"https:\/\/concellodezas.gal\/en\/wp-json\/wp\/v2\/users\/3"}],"replies":[{"embeddable":true,"href":"https:\/\/concellodezas.gal\/en\/wp-json\/wp\/v2\/comments?post=24706"}],"version-history":[{"count":0,"href":"https:\/\/concellodezas.gal\/en\/wp-json\/wp\/v2\/posts\/24706\/revisions"}],"wp:attachment":[{"href":"https:\/\/concellodezas.gal\/en\/wp-json\/wp\/v2\/media?parent=24706"}],"wp:term":[{"taxonomy":"category","embeddable":true,"href":"https:\/\/concellodezas.gal\/en\/wp-json\/wp\/v2\/categories?post=24706"},{"taxonomy":"post_tag","embeddable":true,"href":"https:\/\/concellodezas.gal\/en\/wp-json\/wp\/v2\/tags?post=24706"}],"curies":[{"name":"wp","href":"https:\/\/api.w.org\/{rel}","templated":true}]}}