{"id":24645,"date":"2020-09-23T02:35:49","date_gmt":"2020-09-23T00:35:49","guid":{"rendered":"https:\/\/concellodezas.gal\/as-bibliotecas-municipais-reciben-o-outono-cunha-axenda-cargada-de-espectaculos-para-os-mais-novos-da-casa\/"},"modified":"2025-09-25T11:52:02","modified_gmt":"2025-09-25T09:52:02","slug":"as-bibliotecas-municipais-reciben-o-outono-cunha-axenda-cargada-de-espectaculos-para-os-mais-novos-da-casa","status":"publish","type":"post","link":"https:\/\/concellodezas.gal\/en\/as-bibliotecas-municipais-reciben-o-outono-cunha-axenda-cargada-de-espectaculos-para-os-mais-novos-da-casa\/","title":{"rendered":"As bibliotecas municipais reciben o outono cunha axenda cargada de espect\u00e1culos para os m\u00e1is novos da casa"},"content":{"rendered":"<p>En todas as citas ser\u00e1 obrigatorio o uso de m\u00e1scara as\u00ed como a reserva previa xa que o aforo\u00a0estar\u00e1 limitado co fin de cumprir as medidas de seguridade e hixiene derivadas da crise sanitaria provocada polo Covid-19<\/p>\n<p>\u00a0<\/p>\n<p>O vindeiro martes, 29 de setembro, volve a actividade \u00e1s<strong> bibliotecas do Concello<\/strong>\u00a0<strong>de Zas<\/strong> cun completo programa para este outono dirixido aos m\u00e1is novos da casa. Ademais dun\u00a0bo n\u00famero de citas, a novidade deste ano son as medidas de hixiene e seguridade derivadas\u00a0da crise sanitaria do Covid-19 entre as que est\u00e1n o uso obrigatorio de m\u00e1scara, un n\u00famero\u00a0limitado de prazas por cada espect\u00e1culo e a inscrici\u00f3n previa.<\/p>\n<p>Toma nota de todos os espect\u00e1culos:<\/p>\n<ul>\n<li>Martes, 29 de setembro: \u201cCo\u00f1ecendo a Carvalho Calero\u201d, con Polo Correo do Vento, na\u00a0Axencia de Lectura de Baio<\/li>\n<li>Martes, 6 de outubro: \u201cPedrina na monta\u00f1a\u201d, con Soraya Lema, na Axencia de Lectura de\u00a0Baio e \u201cElas tres (a nai, a nena, a bruxa) e moitas outras\u201d , de Berrobamb\u00e1n, na Biblioteca\u00a0Municipal de Zas<\/li>\n<li>Xoves, 8 de outubro: Bandullo Azul tra\u00e9nos \u201cC@nta Contos &#8211; Filipa cos contos\u201d na Axencia\u00a0de Lectura de Baio<\/li>\n<li>Martes, 13 de outubro: \u201cSomos iguais na maxia\u201d, con Ian&#038;Elisa, na Biblioteca Municipal de\u00a0Zas<\/li>\n<li>Xoves, 15 de outubro: \u201cMi\u00f1a casa, meu lar\u201d, con Caxoto Contacontos, na Axencia de\u00a0Lectura de Baio<\/li>\n<li>Martes, 20 de outubro: \u201cContos de michos\u201d, con Pedro Brandariz, na Biblioteca Municipal\u00a0de Zas<\/li>\n<li>Xoves, 22 de outubro: \u201cAprendendo a querer\u201d, con Trinke Trinke Teatro, na Axencia de\u00a0Lectura de Baio<\/li>\n<li>Martes, 27 de outubro: \u201cAprendendo a querer\u201d, con Trinke Trinke Teatro, na Biblioteca\u00a0Municipal de Zas<\/li>\n<li>Xoves, 29 de outubro: \u201cMario pensaba que o galego non serv\u00eda para nada\u201d, de Polo Correo do Vento, na Biblioteca Municipal de Zas<\/li>\n<li>Martes, 3 de novembro: \u201cViaxe pola Galicia encantada\u201d, de Trinke Trinke Teatro, na Biblioteca Municipal de Zas<\/li>\n<li>M\u00e9rcores, 11 de novembro: \u201cPlaneta LGTB\u201d, de Caxoto Contacontos, na Axencia de Lectura de Baio<\/li>\n<li>Martes, 17 de novembro: \u201cViaxe pola Galicia encantada\u201d, de Trinke Trinke Teatro, na Axencia de Lectura de Baio<\/li>\n<li>M\u00e9rcores, 25 de novembro: \u201cPlaneta LGTB\u201d, de Caxoto Contacontos, na BibliotecaMunicipal de Zas<\/li>\n<\/ul>\n<p><strong>Inscrici\u00f3ns<\/strong><br \/>Todos os espect\u00e1culos son de balde e comezan \u00e1s 18:00 horas e para asistir \u00e9 necesario\u00a0anotarse previamente en calquera dos Centros Socioculuturais do Concello de Zas.<\/p>\n<ul>\n<li>Centro Sociocultural de Zas: 981 751 398 (de luns a venres de 09:00 a 14:00 horas)<\/li>\n<li>Centro Sociocultural de Baio: 981 718 056 (de martes a venres de 15:00 a 21:30 horas e\u00a0s\u00e1bados de 10:00 a 18:00 horas)<\/li>\n<\/ul>\n","protected":false},"excerpt":{"rendered":"<p>En todas as citas ser\u00e1 obrigatorio o uso de m\u00e1scara as\u00ed como a reserva previa xa que o aforo\u00a0estar\u00e1 limitado co fin de cumprir as medidas de seguridade e hixiene derivadas da crise sanitaria provocada polo Covid-19 \u00a0 O vindeiro martes, 29 de setembro, volve a actividade \u00e1s bibliotecas do Concello\u00a0de Zas cun completo programa [&hellip;]<\/p>\n","protected":false},"author":3,"featured_media":24646,"comment_status":"open","ping_status":"closed","sticky":false,"template":"","format":"standard","meta":{"slim_seo":{"title":"As bibliotecas municipais reciben o outono cunha axenda cargada de espect\u00e1culos para os m\u00e1is novos da casa - Concello de Zas","description":"En todas as citas ser\u00e1 obrigatorio o uso de m\u00e1scara as\u00ed como a reserva previa xa que o aforo\u00a0estar\u00e1 limitado co fin de cumprir as medidas de seguridade e hixien"},"footnotes":""},"categories":[10],"tags":[],"class_list":["post-24645","post","type-post","status-publish","format-standard","has-post-thumbnail","hentry","category-concello"],"_links":{"self":[{"href":"https:\/\/concellodezas.gal\/en\/wp-json\/wp\/v2\/posts\/24645","targetHints":{"allow":["GET"]}}],"collection":[{"href":"https:\/\/concellodezas.gal\/en\/wp-json\/wp\/v2\/posts"}],"about":[{"href":"https:\/\/concellodezas.gal\/en\/wp-json\/wp\/v2\/types\/post"}],"author":[{"embeddable":true,"href":"https:\/\/concellodezas.gal\/en\/wp-json\/wp\/v2\/users\/3"}],"replies":[{"embeddable":true,"href":"https:\/\/concellodezas.gal\/en\/wp-json\/wp\/v2\/comments?post=24645"}],"version-history":[{"count":0,"href":"https:\/\/concellodezas.gal\/en\/wp-json\/wp\/v2\/posts\/24645\/revisions"}],"wp:featuredmedia":[{"embeddable":true,"href":"https:\/\/concellodezas.gal\/en\/wp-json\/wp\/v2\/media\/24646"}],"wp:attachment":[{"href":"https:\/\/concellodezas.gal\/en\/wp-json\/wp\/v2\/media?parent=24645"}],"wp:term":[{"taxonomy":"category","embeddable":true,"href":"https:\/\/concellodezas.gal\/en\/wp-json\/wp\/v2\/categories?post=24645"},{"taxonomy":"post_tag","embeddable":true,"href":"https:\/\/concellodezas.gal\/en\/wp-json\/wp\/v2\/tags?post=24645"}],"curies":[{"name":"wp","href":"https:\/\/api.w.org\/{rel}","templated":true}]}}