{"id":24625,"date":"2020-07-20T17:49:54","date_gmt":"2020-07-20T15:49:54","guid":{"rendered":"https:\/\/concellodezas.gal\/continuan-os-traballos-de-limpeza-da-rede-viaria-municipal-e-dos-diferentes-espazos-publicos\/"},"modified":"2025-09-25T11:51:46","modified_gmt":"2025-09-25T09:51:46","slug":"continuan-os-traballos-de-limpeza-da-rede-viaria-municipal-e-dos-diferentes-espazos-publicos","status":"publish","type":"post","link":"https:\/\/concellodezas.gal\/en\/continuan-os-traballos-de-limpeza-da-rede-viaria-municipal-e-dos-diferentes-espazos-publicos\/","title":{"rendered":"Contin\u00faan os traballos de limpeza da rede viaria municipal e dos diferentes espazos p\u00fablicos"},"content":{"rendered":"<p><em>As tarefas centr\u00e1ronse estes d\u00edas nas parroquias de Meanos e de Mu\u00ed\u00f1o<\/em><\/p>\n<p>\u00a0<\/p>\n<p>Contin\u00faan os traballos de limpeza e posta a punto da rede viaria do Concello de Zas e dos diferentes espazos p\u00fablicos dos que se encargan varias brigadas municipais xunto coas empresas empresas contratadas polo Concello para este fin. Para estas tarefas empr\u00e9ganse tanto medios mec\u00e1nicos como manuais aproveitando a \u00e9poca de m\u00e1is calor do ano co fin de que a limpeza sexa m\u00e1is efectiva durante o maior tempo posible.<\/p>\n<p>Despois de limpar xa varios n\u00facleos do termo municipal, os traballos c\u00e9ntranse estes d\u00edas nas parroquias de Mu\u00ed\u00f1o e de Meanos.<span class=\"Apple-converted-space\">\u00a0<\/span><\/p>\n<p>Precisamente ata aqu\u00ed se achegou esta ma\u00f1\u00e1 o Alcalde de Zas, Manuel Mu\u00ed\u00f1o, onde puido comprobar o avance dos traballos. Mu\u00ed\u00f1o asegura que \u201cde aqu\u00ed ao final do ver\u00e1n quedar\u00e1 limpa toda a rede viaria municipal co fin de mellorar a visibilidade e a seguridade das nosas estradas e deixando libres as canles de desag\u00fce das augas pluviais\u201d.<\/p>\n<p>Ainda que no ver\u00e1n se intensifican, estes traballos de limpeza e de posta a punto real\u00edzanse ao longo de todo o ano deixando para os meses do inverno a limpeza da rede de pistas e cami\u00f1os forestais do noso municipio.<\/p>\n<p>\u00a0<\/p>\n<p><strong>Campa\u00f1a de desinfecci\u00f3n<\/strong><\/p>\n<p>Esta campa\u00f1a complem\u00e9ntase cos traballos de limpeza e desinfecci\u00f3n que se levaron a cabo no pasado mes de xu\u00f1o nas aceras e espazos p\u00fablicos nos distintos n\u00facleos do Concello de Zas e dos que se encargaron os usuarios da Asociaci\u00f3n Aspaber.<\/p>\n<p>Para estas tarefas empreouse un limpador org\u00e1nico cunha composici\u00f3n a base de vinagre totalmente respectuoso co medio ambiente.<span class=\"Apple-converted-space\">\u00a0<\/span><\/p>\n","protected":false},"excerpt":{"rendered":"<p>As tarefas centr\u00e1ronse estes d\u00edas nas parroquias de Meanos e de Mu\u00ed\u00f1o \u00a0 Contin\u00faan os traballos de limpeza e posta a punto da rede viaria do Concello de Zas e dos diferentes espazos p\u00fablicos dos que se encargan varias brigadas municipais xunto coas empresas empresas contratadas polo Concello para este fin. Para estas tarefas empr\u00e9ganse [&hellip;]<\/p>\n","protected":false},"author":3,"featured_media":24626,"comment_status":"open","ping_status":"closed","sticky":false,"template":"","format":"standard","meta":{"slim_seo":{"title":"Contin\u00faan os traballos de limpeza da rede viaria municipal e dos diferentes espazos p\u00fablicos - Concello de Zas","description":"As tarefas centr\u00e1ronse estes d\u00edas nas parroquias de Meanos e de Mu\u00ed\u00f1o \u00a0 Contin\u00faan os traballos de limpeza e posta a punto da rede viaria do Concello de Zas e do"},"footnotes":""},"categories":[10],"tags":[],"class_list":["post-24625","post","type-post","status-publish","format-standard","has-post-thumbnail","hentry","category-concello"],"_links":{"self":[{"href":"https:\/\/concellodezas.gal\/en\/wp-json\/wp\/v2\/posts\/24625","targetHints":{"allow":["GET"]}}],"collection":[{"href":"https:\/\/concellodezas.gal\/en\/wp-json\/wp\/v2\/posts"}],"about":[{"href":"https:\/\/concellodezas.gal\/en\/wp-json\/wp\/v2\/types\/post"}],"author":[{"embeddable":true,"href":"https:\/\/concellodezas.gal\/en\/wp-json\/wp\/v2\/users\/3"}],"replies":[{"embeddable":true,"href":"https:\/\/concellodezas.gal\/en\/wp-json\/wp\/v2\/comments?post=24625"}],"version-history":[{"count":0,"href":"https:\/\/concellodezas.gal\/en\/wp-json\/wp\/v2\/posts\/24625\/revisions"}],"wp:featuredmedia":[{"embeddable":true,"href":"https:\/\/concellodezas.gal\/en\/wp-json\/wp\/v2\/media\/24626"}],"wp:attachment":[{"href":"https:\/\/concellodezas.gal\/en\/wp-json\/wp\/v2\/media?parent=24625"}],"wp:term":[{"taxonomy":"category","embeddable":true,"href":"https:\/\/concellodezas.gal\/en\/wp-json\/wp\/v2\/categories?post=24625"},{"taxonomy":"post_tag","embeddable":true,"href":"https:\/\/concellodezas.gal\/en\/wp-json\/wp\/v2\/tags?post=24625"}],"curies":[{"name":"wp","href":"https:\/\/api.w.org\/{rel}","templated":true}]}}