{"id":24581,"date":"2020-05-08T17:51:58","date_gmt":"2020-05-08T15:51:58","guid":{"rendered":"https:\/\/concellodezas.gal\/o-concello-de-zas-dara-unha-axuda-de-1000e-aos-autonomos-as-afectados-as-pola-crise-do-covid-19\/"},"modified":"2025-09-25T11:51:31","modified_gmt":"2025-09-25T09:51:31","slug":"o-concello-de-zas-dara-unha-axuda-de-1000e-aos-autonomos-as-afectados-as-pola-crise-do-covid-19","status":"publish","type":"post","link":"https:\/\/concellodezas.gal\/en\/o-concello-de-zas-dara-unha-axuda-de-1000e-aos-autonomos-as-afectados-as-pola-crise-do-covid-19\/","title":{"rendered":"O Concello de Zas dar\u00e1 unha axuda de 1000\u20ac aos aut\u00f3nomos\/as afectados\/as pola crise do COVID-19"},"content":{"rendered":"<ul>\n<li><em>A axuda est\u00e1 dirixida a aqueles aut\u00f3nomos\/as que se viron obrigados\/as a pechar o seu negocio polo estado de alarma ou que estivesen obrigados a abrir e tiveran unha ca\u00edda de ingresos do 75%<\/em><\/li>\n<li><em>Esta \u00e9 a primeira medida do Plan de Revitalizaci\u00f3n da Econom\u00eda Local no que traballa o equipo de goberno dirixido por Manuel Mu\u00ed\u00f1o<\/em><\/li>\n<\/ul>\n<p>Dende as \u00faltimas semanas, o equipo de goberno do Concello de Zas &#8211; encabezado por Manuel Mu\u00ed\u00f1o Espasand\u00edn &#8211; traballa na elaboraci\u00f3n dun <strong>Plan de Revitalizaci\u00f3n da Econom\u00eda Local <\/strong>co fin de axudar a aquelas persoas m\u00e1is afectadas pola crise provocada polo Covid-19.<\/p>\n<p>Dentro deste plan, vense de aprobar unha primeira li\u00f1a de axudas a trav\u00e9s da cal <strong>o Concello de Zas outorgar\u00e1 de forma directa unha axuda de 1.000 euros <\/strong>a aqueles aut\u00f3nomos\/as que se viron obrigados\/as a pechar e cesar na s\u00faa actividade tras a declaraci\u00f3n do estado de alarma ou que tendo que obrigatoriamente estar abertos, tiveran unha ca\u00edda dos seus ingresos superior ao 75%. O total desta primeira li\u00f1a de axudas ascende inicialmente a 150.000 euros. \u201cO noso obxectivo \u00e9 contribuir a soster a continuidade do noso tecido empresarial nun contexto de emerxencia socio-econ\u00f3mica provocado polo Covid-19 como o que estamos vivindo\u201d, sinala o Alcalde de Zas, Manuel Mu\u00ed\u00f1o.<span class=\"Apple-converted-space\">\u00a0<\/span><\/p>\n<p>Para po\u00f1er en marcha este primeiro paquete de axudas, o Concello de Zas reivindica unha vez m\u00e1is que o Goberno do Estado autorice aos municipios a dispo\u00f1er dunha parte do remantente de tesourer\u00eda &#8211; que no noso caso supera os tres mill\u00f3ns de euros &#8211; ou ben do super\u00e1vit do exercicio 2019 que neste concello foi de m\u00e1is de 800.000 euros. \u201cEn calquera caso, se ningunha destas opci\u00f3ns se autorizan habilitar\u00edase unha partida espec\u00edfica nos orzamentos municipais\u201d, indica o rexedor.<span class=\"Apple-converted-space\">\u00a0<\/span><\/p>\n<p>As bases que regular\u00e1n estas axudas para aut\u00f3nomos\/as publicaranse no bolet\u00edn Oficial da Provincia e que dar\u00e1nse a co\u00f1ecer asimismo, a trav\u00e9s das diversas canles oficiais do Concello de Zas (sede electr\u00f3nica do Concello de Zas e tabl\u00f3n de anuncios) e tam\u00e9n das redes sociais municipais).<span class=\"Apple-converted-space\">\u00a0<\/span><\/p>\n<p>Dentro do Plan de Revitalizaci\u00f3n da Econom\u00eda Local artellado polo Concello de Zas cont\u00e9mplanse outras medidas que se concretar\u00e1n nos pr\u00f3ximos d\u00edas e entre as que se contempla un Plan de Emprego Local e a licitaci\u00f3n dun paquete de obras p\u00fablicas.<span class=\"Apple-converted-space\">\u00a0<\/span><\/p>\n","protected":false},"excerpt":{"rendered":"<p>A axuda est\u00e1 dirixida a aqueles aut\u00f3nomos\/as que se viron obrigados\/as a pechar o seu negocio polo estado de alarma ou que estivesen obrigados a abrir e tiveran unha ca\u00edda de ingresos do 75% Esta \u00e9 a primeira medida do Plan de Revitalizaci\u00f3n da Econom\u00eda Local no que traballa o equipo de goberno dirixido por [&hellip;]<\/p>\n","protected":false},"author":3,"featured_media":24582,"comment_status":"open","ping_status":"closed","sticky":false,"template":"","format":"standard","meta":{"slim_seo":{"title":"O Concello de Zas dar\u00e1 unha axuda de 1000\u20ac aos aut\u00f3nomos\/as afectados\/as pola crise do COVID-19 - Concello de Zas","description":"A axuda est\u00e1 dirixida a aqueles aut\u00f3nomos\/as que se viron obrigados\/as a pechar o seu negocio polo estado de alarma ou que estivesen obrigados a abrir e tiveran"},"footnotes":""},"categories":[10],"tags":[],"class_list":["post-24581","post","type-post","status-publish","format-standard","has-post-thumbnail","hentry","category-concello"],"_links":{"self":[{"href":"https:\/\/concellodezas.gal\/en\/wp-json\/wp\/v2\/posts\/24581","targetHints":{"allow":["GET"]}}],"collection":[{"href":"https:\/\/concellodezas.gal\/en\/wp-json\/wp\/v2\/posts"}],"about":[{"href":"https:\/\/concellodezas.gal\/en\/wp-json\/wp\/v2\/types\/post"}],"author":[{"embeddable":true,"href":"https:\/\/concellodezas.gal\/en\/wp-json\/wp\/v2\/users\/3"}],"replies":[{"embeddable":true,"href":"https:\/\/concellodezas.gal\/en\/wp-json\/wp\/v2\/comments?post=24581"}],"version-history":[{"count":0,"href":"https:\/\/concellodezas.gal\/en\/wp-json\/wp\/v2\/posts\/24581\/revisions"}],"wp:featuredmedia":[{"embeddable":true,"href":"https:\/\/concellodezas.gal\/en\/wp-json\/wp\/v2\/media\/24582"}],"wp:attachment":[{"href":"https:\/\/concellodezas.gal\/en\/wp-json\/wp\/v2\/media?parent=24581"}],"wp:term":[{"taxonomy":"category","embeddable":true,"href":"https:\/\/concellodezas.gal\/en\/wp-json\/wp\/v2\/categories?post=24581"},{"taxonomy":"post_tag","embeddable":true,"href":"https:\/\/concellodezas.gal\/en\/wp-json\/wp\/v2\/tags?post=24581"}],"curies":[{"name":"wp","href":"https:\/\/api.w.org\/{rel}","templated":true}]}}